{"id":356,"date":"2011-09-16T09:09:52","date_gmt":"2011-09-16T08:09:52","guid":{"rendered":"http:\/\/blogs.diariosur.es\/tuenti-facebook\/?p=356"},"modified":"2011-09-16T09:09:52","modified_gmt":"2011-09-16T08:09:52","slug":"encuentro-catas-y-tuits-el-22-de-septiembre-en-sevilla-catasytuits","status":"publish","type":"post","link":"https:\/\/blogs.diariosur.es\/soyfriki\/2011\/09\/16\/encuentro-catas-y-tuits-el-22-de-septiembre-en-sevilla-catasytuits\/","title":{"rendered":"Encuentro Catas y Tuits, el 22 de septiembre en Sevilla (#catasytuits)"},"content":{"rendered":"<p>No es la primera vez que oigo hablar de\u00a0<span style=\"color: #000000;\"><strong><a href=\"http:\/\/es.amiando.com\/catasytuits.html?page=579212\" target=\"_blank\" rel=\"external nofollow\"><span style=\"color: #000000;\">Catas y Tuits<\/span><\/a><\/strong><\/span>. Y me apetece. Es un encuentro que llega esta vez a Sevilla para profesionales de diferentes sectores, que son habituales usuarios de<strong> redes sociales<\/strong>, principalmente de <strong>Twitter<\/strong>.<!--more--><\/p>\n<p>El fin de estos encuentros es permitir a los asistentes desvirtualizarse y poder hacer networtking personal y profesional, en un marco espec\u00edfico acad\u00e9mico y\/o del mundo de los negocios. Adem\u00e1s, los eventos est\u00e1n enfocados a la promoci\u00f3n y difusi\u00f3n de productos regionales, con el fin de que los participantes puedan descubrir sus caracter\u00edsticas y ventajas, con degustaciones. El pr\u00f3ximo es\u00a0el\u00a0<strong>22 de septiembre, a las 20:00 horas,<\/strong>\u00a0en la <strong>Escuela de Organizaci\u00f3n Industrial\u00a0<\/strong>(Sevilla).<\/p>\n<p><span style=\"color: #000000;\"><a href=\"http:\/\/es.amiando.com\/catasytuits.html?page=579212\" target=\"_blank\" rel=\"external nofollow\"><span style=\"color: #000000;\">Ap\u00fantate ya en Amiando<\/span><\/a><\/span> porque s\u00f3lo hay <strong>150 plazas<\/strong> disponibles. Y si no puedes ir, haz como yo: sigue la conversaci\u00f3n con\u00a0<strong>#catasytuits<\/strong>.<\/p>\n","protected":false},"excerpt":{"rendered":"<p>No es la primera vez que oigo hablar de\u00a0Catas y Tuits. Y me apetece. Es un encuentro que llega esta vez a Sevilla para profesionales de diferentes sectores, que son habituales usuarios de redes sociales, principalmente de Twitter.<\/p>\n","protected":false},"author":7,"featured_media":0,"comment_status":"open","ping_status":"closed","sticky":false,"template":"","format":"standard","meta":[],"categories":[13,5],"tags":[150,388,408,483],"_links":{"self":[{"href":"https:\/\/blogs.diariosur.es\/soyfriki\/wp-json\/wp\/v2\/posts\/356"}],"collection":[{"href":"https:\/\/blogs.diariosur.es\/soyfriki\/wp-json\/wp\/v2\/posts"}],"about":[{"href":"https:\/\/blogs.diariosur.es\/soyfriki\/wp-json\/wp\/v2\/types\/post"}],"author":[{"embeddable":true,"href":"https:\/\/blogs.diariosur.es\/soyfriki\/wp-json\/wp\/v2\/users\/7"}],"replies":[{"embeddable":true,"href":"https:\/\/blogs.diariosur.es\/soyfriki\/wp-json\/wp\/v2\/comments?post=356"}],"version-history":[{"count":0,"href":"https:\/\/blogs.diariosur.es\/soyfriki\/wp-json\/wp\/v2\/posts\/356\/revisions"}],"wp:attachment":[{"href":"https:\/\/blogs.diariosur.es\/soyfriki\/wp-json\/wp\/v2\/media?parent=356"}],"wp:term":[{"taxonomy":"category","embeddable":true,"href":"https:\/\/blogs.diariosur.es\/soyfriki\/wp-json\/wp\/v2\/categories?post=356"},{"taxonomy":"post_tag","embeddable":true,"href":"https:\/\/blogs.diariosur.es\/soyfriki\/wp-json\/wp\/v2\/tags?post=356"}],"curies":[{"name":"wp","href":"https:\/\/api.w.org\/{rel}","templated":true}]}}