{"id":359,"date":"2011-09-16T13:01:34","date_gmt":"2011-09-16T12:01:34","guid":{"rendered":"http:\/\/blogs.diariosur.es\/tuenti-facebook\/?p=359"},"modified":"2011-09-16T13:01:34","modified_gmt":"2011-09-16T12:01:34","slug":"encuentro-virtual-por-el-dia-internacional-del-blog","status":"publish","type":"post","link":"https:\/\/blogs.diariosur.es\/soyfriki\/2011\/09\/16\/encuentro-virtual-por-el-dia-internacional-del-blog\/","title":{"rendered":"Encuentro Virtual por el D\u00eda Internacional del Blog"},"content":{"rendered":"<p>Este a\u00f1o llegamos a la\u00a0IV Edici\u00f3n del\u00a0<strong>Encuentro Virtual por el D\u00eda Internacional del Blog 2011<\/strong>. Ya se lanz\u00f3 el mi\u00e9rcoles\u00a031 de agosto\u00a0y\u00a0\u00e9ste <strong>s\u00e1bado 17 de septiembre<\/strong>\u00a0llegan videoconferencias y mesas redondas virtuales. Todo en\u00a0<a href=\"http:\/\/www.diadelblog.com\/\" rel=\"external nofollow\">www.diadelblog.com<\/a>.<!--more--><\/p>\n<p>Como lo ha sido desde el a\u00f1o 2008, este evento es de acceso gratuito y re\u00fane a\u00a0gente de <strong>Internet y el Social Media<\/strong>, que\u00a0compartir\u00e1n sus experiencias y conocimientos. <strong>D\u00eda del Blog <\/strong>es un evento cooperativo entre <strong>Argentina, Espa\u00f1a y Ecuador<\/strong>; y con la colaboraci\u00f3n de personas de toda <strong>Latinoam\u00e9rica<\/strong>.<\/p>\n<p>El s\u00e1bado a lo largo de todo el d\u00eda, se llevar\u00e1 a cabo la jornada de videoconferencias con cobertura a trav\u00e9s de <strong>Twitter<\/strong> en <a href=\"http:\/\/twitter.com\/diadelblog\" rel=\"external nofollow\">@diadelblog<\/a>, con el hashtag #<strong>diadelblog<\/strong>. Aqu\u00ed tendr\u00e9is las im\u00e1genes del <strong>D\u00eda Internacional del Blog 2011 en directo.<\/strong><\/p>\n<p><object width=\"660\" height=\"496\" classid=\"clsid:d27cdb6e-ae6d-11cf-96b8-444553540000\" codebase=\"http:\/\/download.macromedia.com\/pub\/shockwave\/cabs\/flash\/swflash.cab#version=6,0,40,0\"><param name=\"flashvars\" value=\"cid=1687196&#038;autoplay=false\" \/><param name=\"allowfullscreen\" value=\"true\" \/><param name=\"allowscriptaccess\" value=\"always\" \/><param name=\"src\" value=\"http:\/\/www.ustream.tv\/flash\/viewer.swf\" \/><embed width=\"660\" height=\"496\" type=\"application\/x-shockwave-flash\" src=\"\/\/www.ustream.tv\/flash\/viewer.swf\" flashvars=\"cid=1687196&#038;autoplay=false\" allowfullscreen=\"true\" allowscriptaccess=\"always\" \/><\/object><\/p>\n<p><a style=\"padding: 2px 0px 4px; width: 400px; background: #ffffff; display: block; color: #000000; font-weight: normal; font-size: 10px; text-decoration: underline; text-align: center;\" href=\"http:\/\/www.ustream.tv\/\" target=\"_blank\" rel=\"external nofollow\">Streaming live video by Ustream<\/a><\/p>\n<p><strong>PROGRAMA DE VIDEOCONFERENCIAS<\/strong><\/p>\n<ul>\n<li><a href=\"https:\/\/twitter.com\/#%21\/juanmerodio\" target=\"_blank\" rel=\"external nofollow\">Juan Merodio<\/a>\u00a0(Espa\u00f1a) \u2013 Estrategias de Marketing digital (Espa\u00f1a)<\/li>\n<li><a href=\"https:\/\/twitter.com\/#%21\/carlosgtardon\" target=\"_blank\" rel=\"external nofollow\">Carlos Gonz\u00e1lez<\/a>\u00a0(Espa\u00f1a) \u2013\u00a0\u00bfQu\u00e9 y c\u00f3mo se aprende con los videojuegos?<\/li>\n<li><a href=\"https:\/\/twitter.com\/#%21\/blocdeesbozos\" target=\"_blank\" rel=\"external nofollow\">Alejandro Soler<\/a>\u00a0(Espa\u00f1a) \u2013 \u201cIngredientes para ser Community Manager\u201d<\/li>\n<li><a href=\"https:\/\/twitter.com\/#%21\/rseonline\" target=\"_blank\" rel=\"external nofollow\">Fernando Legrand<\/a>\u00a0(Argentina) \u2013 \u201cEl di\u00e1logo RSE y las redes sociales\u201d<\/li>\n<li><a href=\"http:\/\/www.santiagomartinez.es\/\" target=\"_blank\" rel=\"external nofollow\">Santiago Mart\u00ednez\u00a0<\/a>(Espa\u00f1a) \u2013 \u201cEmpoderamiento Ciudadano a trav\u00e9s de la web 2.0 : Nuevas formas de participaci\u00f3n\u201d<\/li>\n<li><a href=\"http:\/\/www.cristinavelazquez.blogspot.com\/\" target=\"_blank\" rel=\"external nofollow\">Cristina Velazquez<\/a>\u00a0(Argentina) \u2013 \u00bfSer o no ser Blogfesor?<\/li>\n<li><a href=\"https:\/\/twitter.com\/#%21\/ivanlasso\" target=\"_blank\" rel=\"external nofollow\">Iv\u00e1n Lasso<\/a>\u00a0(Espa\u00f1a) &#8211; \u00bfPor qu\u00e9 tener un blog en \u00e9poca de redes sociales?<\/li>\n<li><a href=\"https:\/\/twitter.com\/#%21\/chreme\" target=\"_blank\" rel=\"external nofollow\">Christian Reyes<\/a>\u00a0(Chile) \u2013 \u201cTecnolog\u00eda, h\u00e1bitos y personas\u201d<\/li>\n<li><a href=\"https:\/\/twitter.com\/#%21\/sursum\" target=\"_blank\" rel=\"external nofollow\">Edgardo Lurig<\/a>\u00a0(Argentina) \u2013 \u201cLa gran nube en la Web\u201d<\/li>\n<li><a href=\"https:\/\/twitter.com\/#%21\/byuste\" target=\"_blank\" rel=\"external nofollow\">B\u00e1rbara Yuste<\/a>\u00a0(Espa\u00f1a) \u2013 \u201cCambio de paradigma y nuevos medios\u201d<\/li>\n<li><a href=\"https:\/\/twitter.com\/#%21\/coberdigital\" target=\"_blank\" rel=\"external nofollow\">Christian Espinosa<\/a>\u00a0(Ecuador)\u00a0\u201cCobertura period\u00edstica con dispositivos m\u00f3viles, el tiempo real\u201d<\/li>\n<li><a href=\"https:\/\/twitter.com\/#%21\/payorivero\" target=\"_blank\" rel=\"external nofollow\">Pablo Rivero<\/a>\u00a0(Bolivia), Pol\u00edtica 2.0<\/li>\n<\/ul>\n<p><strong>MESAS REDONDAS ONLINE<\/strong><\/p>\n<ul>\n<li>Claves Social Media , organizado por\u00a0<a href=\"http:\/\/www.socialymedio.es\/\" target=\"_blank\" rel=\"external nofollow\">SocialyMedio<\/a>, moderador:<a href=\"http:\/\/www.twitter.com\/soastec\" target=\"_blank\" rel=\"external nofollow\">Sergio Jim\u00e9nez<\/a>.<\/li>\n<li>\u00bfC\u00f3mo aportar al mundo a trav\u00e9s de la Web Social?, moderadora:<a href=\"http:\/\/www.twitter.com\/crism321\" target=\"_blank\" rel=\"external nofollow\">Mar\u00eda Cristina Mart\u00ednez<\/a>.<\/li>\n<li>La revoluci\u00f3n en las redes sociales, moderador:\u00a0<a href=\"http:\/\/www.twitter.com\/ivanlasso\" target=\"_blank\" rel=\"external nofollow\">Iv\u00e1n Lasso<\/a>.<\/li>\n<\/ul>\n<p>Los horarios definitivos los pod\u00e9is consultar en\u00a0<a href=\"http:\/\/www.diadelblog.com\/\" rel=\"external nofollow\">www.diadelblog.com<\/a>.<\/p>\n","protected":false},"excerpt":{"rendered":"<p>Este a\u00f1o llegamos a la\u00a0IV Edici\u00f3n del\u00a0Encuentro Virtual por el D\u00eda Internacional del Blog 2011. Ya se lanz\u00f3 el mi\u00e9rcoles\u00a031 de agosto\u00a0y\u00a0\u00e9ste s\u00e1bado 17 de septiembre\u00a0llegan videoconferencias y mesas redondas virtuales. Todo en\u00a0www.diadelblog.com.<\/p>\n","protected":false},"author":7,"featured_media":0,"comment_status":"open","ping_status":"closed","sticky":false,"template":"","format":"standard","meta":[],"categories":[5,9],"tags":[69,162,595],"_links":{"self":[{"href":"https:\/\/blogs.diariosur.es\/soyfriki\/wp-json\/wp\/v2\/posts\/359"}],"collection":[{"href":"https:\/\/blogs.diariosur.es\/soyfriki\/wp-json\/wp\/v2\/posts"}],"about":[{"href":"https:\/\/blogs.diariosur.es\/soyfriki\/wp-json\/wp\/v2\/types\/post"}],"author":[{"embeddable":true,"href":"https:\/\/blogs.diariosur.es\/soyfriki\/wp-json\/wp\/v2\/users\/7"}],"replies":[{"embeddable":true,"href":"https:\/\/blogs.diariosur.es\/soyfriki\/wp-json\/wp\/v2\/comments?post=359"}],"version-history":[{"count":0,"href":"https:\/\/blogs.diariosur.es\/soyfriki\/wp-json\/wp\/v2\/posts\/359\/revisions"}],"wp:attachment":[{"href":"https:\/\/blogs.diariosur.es\/soyfriki\/wp-json\/wp\/v2\/media?parent=359"}],"wp:term":[{"taxonomy":"category","embeddable":true,"href":"https:\/\/blogs.diariosur.es\/soyfriki\/wp-json\/wp\/v2\/categories?post=359"},{"taxonomy":"post_tag","embeddable":true,"href":"https:\/\/blogs.diariosur.es\/soyfriki\/wp-json\/wp\/v2\/tags?post=359"}],"curies":[{"name":"wp","href":"https:\/\/api.w.org\/{rel}","templated":true}]}}