{"id":366,"date":"2011-09-16T17:17:05","date_gmt":"2011-09-16T16:17:05","guid":{"rendered":"http:\/\/blogs.diariosur.es\/tuenti-facebook\/?p=366"},"modified":"2011-09-16T17:17:05","modified_gmt":"2011-09-16T16:17:05","slug":"los-premios-de-publicidad-agripina-2011-encumbran-a-parnaso-comunicacion","status":"publish","type":"post","link":"https:\/\/blogs.diariosur.es\/soyfriki\/2011\/09\/16\/los-premios-de-publicidad-agripina-2011-encumbran-a-parnaso-comunicacion\/","title":{"rendered":"Los Premios de Publicidad Agripina 2011 encumbran a Parnaso Comunicaci\u00f3n"},"content":{"rendered":"<div id=\"attachment_367\" style=\"width: 670px\" class=\"wp-caption aligncenter\"><a href=\"\/soyfriki\/wp-content\/uploads\/sites\/14\/2011\/09\/premios-agripina-2011.jpg\"><img aria-describedby=\"caption-attachment-367\" loading=\"lazy\" class=\"size-full wp-image-367 \" title=\"premios-agripina-2011\" src=\"\/soyfriki\/wp-content\/uploads\/sites\/14\/2011\/09\/premios-agripina-2011.jpg\" alt=\"Todos los premiados de Agripina posan con el galard\u00f3n en el escenario del Alb\u00e9niz.\" width=\"660\" height=\"171\" srcset=\"https:\/\/static-blogs.diariosur.es\/wp-content\/uploads\/sites\/14\/2011\/09\/premios-agripina-2011.jpg 660w, https:\/\/static-blogs.diariosur.es\/wp-content\/uploads\/sites\/14\/2011\/09\/premios-agripina-2011-300x78.jpg 300w\" sizes=\"(max-width: 660px) 100vw, 660px\" \/><\/a><p id=\"caption-attachment-367\" class=\"wp-caption-text\">Todos los premiados de Agripina posan con el galard\u00f3n en el escenario del Cine Alb\u00e9niz.<\/p><\/div>\n<p>El <strong>cine Alb\u00e9niz<\/strong> fue testigo este jueves de la gala de la primera edici\u00f3n de los <strong>Premios de Publicidad Agripina<\/strong>, donde se dieron a conocer los nombres de los<strong> ganadores de hasta 21 subcategor\u00edas<\/strong> a concurso. Una barbaridad. M\u00e1s de <strong>130 piezas<\/strong> realizadas en Andaluc\u00eda compitieron en este certamen.<!--more--><\/p>\n<p>Esta iniciativa es pionera ya que es la primera ocasi\u00f3n en la que se celebra un concurso de este tipo para trabajos en esta Comunidad Aut\u00f3noma.\u00a0Los Premios Agripina consiguieron aglutinar entre sus participantes a agencias malague\u00f1as como El Cuartel, que se impuso en la subcategor\u00eda Exterior gracias a su trabajo en el <strong>Festival de Cine de M\u00e1laga<\/strong>; <strong>Cuatrocento<\/strong>, ganadora en<strong> Magazine Revista<\/strong>; o <strong>La madre de los Beatles<\/strong>, que se llev\u00f3 el premio por su campa\u00f1a <strong>\u2018M\u00e1laga tambi\u00e9n es\u2026\u2019<\/strong> en <strong>Originales para prensa<\/strong>.<\/p>\n<p><strong>Parnaso Comunicaci\u00f3n <\/strong>(Sevilla) fue la gran triunfadora de este certamen con cuatro galardones.\u00a0Pero no s\u00f3lo las agencias brillaron con luz propia durante la gala. El certamen, que tambi\u00e9n recog\u00eda piezas realizadas por <strong>\u2018freelance\u2019<\/strong> o <strong>estudiantes<\/strong>, coron\u00f3 a profesionales como <strong>Jos\u00e9 Luis Guti\u00e9rrez<\/strong> (<strong>Fotograf\u00eda publicitaria<\/strong>) o Alejandro Vill\u00e9n (<strong>Ilustraci\u00f3n publicitaria<\/strong>).\u00a0Tambi\u00e9n\u00a0fue premiado el <strong>mejor trabajo por estudiantes de publicidad<\/strong>. <strong>Luis Andr\u00e9s P\u00e9rez<\/strong>, M<strong>elod\u00eda Calder\u00f3n<\/strong> y <strong>Manuel Ruiz<\/strong> salieron triunfadores gracias a la campa\u00f1a<strong> \u2018Predice tus impulsos\u2019<\/strong>, realizada para<strong> La Caixa<\/strong>.<\/p>\n<div id=\"attachment_368\" style=\"width: 670px\" class=\"wp-caption aligncenter\"><a href=\"\/soyfriki\/wp-content\/uploads\/sites\/14\/2011\/09\/premios-agripina-2011-2.jpg\"><img aria-describedby=\"caption-attachment-368\" loading=\"lazy\" class=\"size-full wp-image-368 \" title=\"premios-agripina-2011-2\" src=\"\/soyfriki\/wp-content\/uploads\/sites\/14\/2011\/09\/premios-agripina-2011-2.jpg\" alt=\"Agust\u00edn Medina, fue el padrino de la gala de entrega de premios.\" width=\"660\" height=\"192\" srcset=\"https:\/\/static-blogs.diariosur.es\/wp-content\/uploads\/sites\/14\/2011\/09\/premios-agripina-2011-2.jpg 660w, https:\/\/static-blogs.diariosur.es\/wp-content\/uploads\/sites\/14\/2011\/09\/premios-agripina-2011-2-300x87.jpg 300w\" sizes=\"(max-width: 660px) 100vw, 660px\" \/><\/a><p id=\"caption-attachment-368\" class=\"wp-caption-text\">Agust\u00edn Medina, fue el padrino de la gala de entrega de premios.<\/p><\/div>\n<p>El padrino de esta primera edici\u00f3n de los <strong>Premios de Publicidad Agripina<\/strong> fue el conocido publicista <strong>Agust\u00edn Medina<\/strong>, uno de los profesionales m\u00e1s respetados del sector dentro de Espa\u00f1a. \u201cEste tipo de premios son buenos para las agencias y para todo el sector, ya que se concentra en un mismo evento todo el trabajo que se realiza en Andaluc\u00eda\u201d, pronunci\u00f3 Medina, que tambi\u00e9n ha sido miembro del jurado en el <strong>Festival El Sol<\/strong> y <strong>Cannes<\/strong>.<\/p>\n","protected":false},"excerpt":{"rendered":"<p>El cine Alb\u00e9niz fue testigo este jueves de la gala de la primera edici\u00f3n de los Premios de Publicidad Agripina, donde se dieron a conocer los nombres de los ganadores de hasta 21 subcategor\u00edas a concurso. Una barbaridad. M\u00e1s de 130 piezas realizadas en Andaluc\u00eda compitieron en este certamen.<\/p>\n","protected":false},"author":7,"featured_media":0,"comment_status":"open","ping_status":"closed","sticky":false,"template":"","format":"standard","meta":[],"categories":[5,8],"tags":[28,193,281,368,375],"_links":{"self":[{"href":"https:\/\/blogs.diariosur.es\/soyfriki\/wp-json\/wp\/v2\/posts\/366"}],"collection":[{"href":"https:\/\/blogs.diariosur.es\/soyfriki\/wp-json\/wp\/v2\/posts"}],"about":[{"href":"https:\/\/blogs.diariosur.es\/soyfriki\/wp-json\/wp\/v2\/types\/post"}],"author":[{"embeddable":true,"href":"https:\/\/blogs.diariosur.es\/soyfriki\/wp-json\/wp\/v2\/users\/7"}],"replies":[{"embeddable":true,"href":"https:\/\/blogs.diariosur.es\/soyfriki\/wp-json\/wp\/v2\/comments?post=366"}],"version-history":[{"count":0,"href":"https:\/\/blogs.diariosur.es\/soyfriki\/wp-json\/wp\/v2\/posts\/366\/revisions"}],"wp:attachment":[{"href":"https:\/\/blogs.diariosur.es\/soyfriki\/wp-json\/wp\/v2\/media?parent=366"}],"wp:term":[{"taxonomy":"category","embeddable":true,"href":"https:\/\/blogs.diariosur.es\/soyfriki\/wp-json\/wp\/v2\/categories?post=366"},{"taxonomy":"post_tag","embeddable":true,"href":"https:\/\/blogs.diariosur.es\/soyfriki\/wp-json\/wp\/v2\/tags?post=366"}],"curies":[{"name":"wp","href":"https:\/\/api.w.org\/{rel}","templated":true}]}}