{"id":39,"date":"2009-05-28T16:49:00","date_gmt":"2009-05-28T16:49:00","guid":{"rendered":"http:\/\/blogs.diariosur.es\/tuenti-facebook\/?p=39"},"modified":"2009-05-28T16:49:00","modified_gmt":"2009-05-28T16:49:00","slug":"plataforma-el-reconocimiento-la-palabra-sostenibilidad","status":"publish","type":"post","link":"https:\/\/blogs.diariosur.es\/soyfriki\/2009\/05\/28\/plataforma-el-reconocimiento-la-palabra-sostenibilidad\/","title":{"rendered":"Plataforma por el reconocimiento de la palabra sostenibilidad"},"content":{"rendered":"<div class=\"clear\"><\/div>\n<p><object style=\"border: 0pt none ; margin: 0pt; background: transparent none repeat scroll 0% 0%; -moz-background-clip: -moz-initial; -moz-background-origin: -moz-initial; -moz-background-inline-policy: -moz-initial;\" width=\"525\" height=\"444\"><param  name=\"movie\" value=\"http:\/\/www.youtube.com\/v\/yw5NUMDwRAA&#038;color1=0xb1b1b1&#038;color2=0xcfcfcf&#038;feature=player_embedded&#038;fs=1\"><\/param><param  name=\"allowFullScreen\" value=\"true\"><\/param><embed  src=\"\/\/www.youtube.com\/v\/yw5NUMDwRAA&#038;color1=0xb1b1b1&#038;color2=0xcfcfcf&#038;feature=player_embedded&#038;fs=1\" type=\"application\/x-shockwave-flash\" allowfullscreen=\"true\" width=\"525\" height=\"444\"><\/embed><\/object><br \/>\nA menudo tecleamos la palabra &#8216;sostenibilidad&#8217; en nuestro procesador de textos y siempre nos sorprendemos cuando el corrector de ortograf\u00eda la subraya en rojo. Un d\u00eda, se te ocurre buscar en el diccionario de la Real Academia Espa\u00f1ola de la Lengua (RAE) y no la encuentas. As\u00ed es como una serie de personas -entre ellas Teresa Sapey, Mayuman\u00e1, Guillermo Fesser o \u00c1lvaro Urquijo- descubren que &#8216;sostenibilidad&#8217; es una palabra sin definici\u00f3n y se unen en una plataforma, llamada Plataforma para el reconocimiento de la palabra sostenibilidad. Una palabra que usa todo el mundo, pero que no tiene un significado normalizado por la Academia.<\/p>\n<p>Desde la plataforma preguntaron a la RAE. En ella explicaron que s\u00ed existe el adjetivo &#8216;sostenible&#8217; y que el sustantivo derivado correcto para expresar su cualidad es &#8216;sostenibilidad&#8217;. Pero, dice la RAE, no aparece en el diccionario porque &#8216;no todas los derivados morfol\u00f3gicamente posibles cuyo sentido se deduce f\u00e1cilmente de la palabra base aparecen en los diccionarios generales&#8217;. Es decir, &#8216;sostenibilidad&#8217; no est\u00e1 en el diccionario. \u00bfNos conformamos con esa respuesta?.<\/p>\n<p>Desde la Plataforma est\u00e1n convencidos de que si &#8216;equidad&#8217;, &#8216;integridad&#8217; y &#8216;responsabilidad&#8217; ocupan sus correspondientes huecos en los diccionarios de la Academia, &#8216;sostenibilidad&#8217; tiene tambi\u00e9n que estar en ellos. Y, adem\u00e1s, est\u00e1n convencidos de que es un buen momento para proponer definiciones que se ajusten al significado actual del t\u00e9rmino y que ampl\u00eden el recogido para el adjetivo original, &#8216;sostenible&#8217;.<\/p>\n<p>Desde la plataforma<A href=\"http:\/\/sostenibilidadaldiccionario.com\/blog_list.php\" title=\"http:\/\/sostenibilidadaldiccionario.com\/blog_list.php\" id=\"link_0\"> piden a todos los usuarios<\/a>  que participen en las definiciones: palabras reales para problemas reales.<\/p>\n<p>Hay muchas formas de participar en sostenibilidadaldiccionario.com. Se pueden incluir definiciones y enviar fotos, dibujos o v\u00eddeos inspirados en su significado. Tambi\u00e9n se pueden aportar ideas para hacer crecer la plataforma y consolidar sus objetivos. No lo dicen por decir. <A href=\"http:\/\/sostenibilidadaldiccionario.com\/definicion.php\" title=\"http:\/\/sostenibilidadaldiccionario.com\/definicion.php\" id=\"link_1\">Sube tu propia definici\u00f3n de sostenibilidad aqu\u00ed >>><\/a> <\/p>\n","protected":false},"excerpt":{"rendered":"<p>A menudo tecleamos la palabra &#8216;sostenibilidad&#8217; en nuestro procesador de textos y siempre nos sorprendemos cuando el corrector de ortograf\u00eda la subraya en rojo. Un d\u00eda, se te ocurre buscar en el diccionario de la Real Academia Espa\u00f1ola de la Lengua (RAE) y no la encuentas. As\u00ed es como una serie de personas -entre ellas [&hellip;]<\/p>\n","protected":false},"author":7,"featured_media":0,"comment_status":"open","ping_status":"closed","sticky":false,"template":"","format":"standard","meta":[],"categories":[9],"tags":[],"_links":{"self":[{"href":"https:\/\/blogs.diariosur.es\/soyfriki\/wp-json\/wp\/v2\/posts\/39"}],"collection":[{"href":"https:\/\/blogs.diariosur.es\/soyfriki\/wp-json\/wp\/v2\/posts"}],"about":[{"href":"https:\/\/blogs.diariosur.es\/soyfriki\/wp-json\/wp\/v2\/types\/post"}],"author":[{"embeddable":true,"href":"https:\/\/blogs.diariosur.es\/soyfriki\/wp-json\/wp\/v2\/users\/7"}],"replies":[{"embeddable":true,"href":"https:\/\/blogs.diariosur.es\/soyfriki\/wp-json\/wp\/v2\/comments?post=39"}],"version-history":[{"count":0,"href":"https:\/\/blogs.diariosur.es\/soyfriki\/wp-json\/wp\/v2\/posts\/39\/revisions"}],"wp:attachment":[{"href":"https:\/\/blogs.diariosur.es\/soyfriki\/wp-json\/wp\/v2\/media?parent=39"}],"wp:term":[{"taxonomy":"category","embeddable":true,"href":"https:\/\/blogs.diariosur.es\/soyfriki\/wp-json\/wp\/v2\/categories?post=39"},{"taxonomy":"post_tag","embeddable":true,"href":"https:\/\/blogs.diariosur.es\/soyfriki\/wp-json\/wp\/v2\/tags?post=39"}],"curies":[{"name":"wp","href":"https:\/\/api.w.org\/{rel}","templated":true}]}}