{"id":392,"date":"2011-09-26T16:38:45","date_gmt":"2011-09-26T15:38:45","guid":{"rendered":"http:\/\/blogs.diariosur.es\/tuenti-facebook\/?p=392"},"modified":"2011-09-26T16:38:45","modified_gmt":"2011-09-26T15:38:45","slug":"evento-blog-ebe-2011-abre-inscripcion-con-gran-exito","status":"publish","type":"post","link":"https:\/\/blogs.diariosur.es\/soyfriki\/2011\/09\/26\/evento-blog-ebe-2011-abre-inscripcion-con-gran-exito\/","title":{"rendered":"Evento Blog &#8211; EBE 2011 abre inscripci\u00f3n con gran \u00e9xito"},"content":{"rendered":"<div id=\"attachment_393\" style=\"width: 670px\" class=\"wp-caption aligncenter\"><a href=\"\/soyfriki\/wp-content\/uploads\/sites\/14\/2011\/09\/cartel-eventoblog-2011.jpg\"><img aria-describedby=\"caption-attachment-393\" loading=\"lazy\" class=\"size-full wp-image-393\" title=\"Cartel Evento Blog - EBE 2011\" src=\"\/soyfriki\/wp-content\/uploads\/sites\/14\/2011\/09\/cartel-eventoblog-2011.jpg\" alt=\"Cartel Evento Blog - EBE 2011\" width=\"660\" height=\"146\" srcset=\"https:\/\/static-blogs.diariosur.es\/wp-content\/uploads\/sites\/14\/2011\/09\/cartel-eventoblog-2011.jpg 660w, https:\/\/static-blogs.diariosur.es\/wp-content\/uploads\/sites\/14\/2011\/09\/cartel-eventoblog-2011-300x66.jpg 300w\" sizes=\"(max-width: 660px) 100vw, 660px\" \/><\/a><p id=\"caption-attachment-393\" class=\"wp-caption-text\">Grandiosa Cabecera de Evento Blog 2011, con Se\u00f1or Mu\u00f1oz y Familia de protagonista.<\/p><\/div>\n<p>\u00a1Bien! \u00a1Por fin est\u00e1 aqu\u00ed! La sexta edici\u00f3n de <strong>Evento Blog &#8211; EBE 2011<\/strong> ha <strong>abierto hoy proceso de inscripci\u00f3n<\/strong> -desde las <span style=\"color: #000000;\">11 horas- y, seg\u00fan leo en <strong>Twitter<\/strong> y <strong>Facebook<\/strong>, la cosa se anima por horas. \u00a0V\u00eda <strong>Ticketea.com<\/strong>, y en 1 minuto, te puedes inscribir. \u00a1Y ya est\u00e1!\u00a0<!--more--><\/span><\/p>\n<p><span style=\"color: #000000;\"><strong><a href=\"http:\/\/eventoblog.com\/\" target=\"_blank\" rel=\"external nofollow\"><span style=\"color: #000000;\">EBE 2011\u00a0<\/span><\/a><\/strong>se celebrar\u00e1 el fin de semana del <strong>11, 12 y 13 de noviembre<\/strong> en el<strong> Pabell\u00f3n del Futuro (Sevilla)<\/strong> y espera reunir a <strong>3.000 personas<\/strong> puestas para la inscripci\u00f3n. Pero teniendo en cuenta que esta ma\u00f1ana se ha colgado la web un par de veces por el elevado n\u00famero de solicitantes. La cosa no pinta mal.<\/span><\/p>\n<p><span style=\"color: #000000;\">Este a\u00f1o, y los organizadores lo saben, est\u00e1 la frontera psicol\u00f3gica de los <strong>15 euros<\/strong> para la reserva, pero parece que no es obst\u00e1culo. Los asistentes fieles a <strong>EBE<\/strong> lo han entendido perfectamente. Adem\u00e1s, con la entrada puedes disfrutar de <strong><a href=\"http:\/\/eventoblog.com\/viajes-hotel\/\" target=\"_blank\" rel=\"external nofollow\"><span style=\"color: #000000;\">descuentos<\/span><\/a> en tren, hoteles, bares y restaurantes de Sevilla<\/strong>.<\/span><\/p>\n<p><span style=\"color: #000000;\">Este a\u00f1o, entre otras novedades, \u00a0<strong>EBE<\/strong> se traslada al <strong>Pabell\u00f3n del Futuro<\/strong>, m\u00e1s cerca del Puente de la Barqueta (la principal v\u00eda de acceso para llegar a La Cartuja) que del Barcel\u00f3 Renacimiento (antigua sede de EBE).<\/span><\/p>\n<p><span style=\"color: #000000;\">Si no te has apuntado a\u00fan, \u00a1corre! >>>\u00a0<strong><a href=\"http:\/\/www.ticketea.com\/evento-blog-2011\" target=\"_blank\" rel=\"external nofollow\"><span style=\"color: #000000;\">http:\/\/www.ticketea.com\/evento-blog-2011<\/span><\/a><\/strong><\/span><\/p>\n<p>&nbsp;<\/p>\n","protected":false},"excerpt":{"rendered":"<p>\u00a1Bien! \u00a1Por fin est\u00e1 aqu\u00ed! La sexta edici\u00f3n de Evento Blog &#8211; EBE 2011 ha abierto hoy proceso de inscripci\u00f3n -desde las 11 horas- y, seg\u00fan leo en Twitter y Facebook, la cosa se anima por horas. \u00a0V\u00eda Ticketea.com, y en 1 minuto, te puedes inscribir. \u00a1Y ya est\u00e1!\u00a0<\/p>\n","protected":false},"author":7,"featured_media":0,"comment_status":"open","ping_status":"closed","sticky":false,"template":"","format":"standard","meta":[],"categories":[13,8],"tags":[66,140,161,408],"_links":{"self":[{"href":"https:\/\/blogs.diariosur.es\/soyfriki\/wp-json\/wp\/v2\/posts\/392"}],"collection":[{"href":"https:\/\/blogs.diariosur.es\/soyfriki\/wp-json\/wp\/v2\/posts"}],"about":[{"href":"https:\/\/blogs.diariosur.es\/soyfriki\/wp-json\/wp\/v2\/types\/post"}],"author":[{"embeddable":true,"href":"https:\/\/blogs.diariosur.es\/soyfriki\/wp-json\/wp\/v2\/users\/7"}],"replies":[{"embeddable":true,"href":"https:\/\/blogs.diariosur.es\/soyfriki\/wp-json\/wp\/v2\/comments?post=392"}],"version-history":[{"count":0,"href":"https:\/\/blogs.diariosur.es\/soyfriki\/wp-json\/wp\/v2\/posts\/392\/revisions"}],"wp:attachment":[{"href":"https:\/\/blogs.diariosur.es\/soyfriki\/wp-json\/wp\/v2\/media?parent=392"}],"wp:term":[{"taxonomy":"category","embeddable":true,"href":"https:\/\/blogs.diariosur.es\/soyfriki\/wp-json\/wp\/v2\/categories?post=392"},{"taxonomy":"post_tag","embeddable":true,"href":"https:\/\/blogs.diariosur.es\/soyfriki\/wp-json\/wp\/v2\/tags?post=392"}],"curies":[{"name":"wp","href":"https:\/\/api.w.org\/{rel}","templated":true}]}}