{"id":403,"date":"2011-09-30T11:14:44","date_gmt":"2011-09-30T10:14:44","guid":{"rendered":"http:\/\/blogs.diariosur.es\/tuenti-facebook\/?p=403"},"modified":"2011-09-30T11:14:44","modified_gmt":"2011-09-30T10:14:44","slug":"como-configurar-tu-privacidad-en-el-nuevo-facebook-el-timeline-open-graph-y-tu-cronologia","status":"publish","type":"post","link":"https:\/\/blogs.diariosur.es\/soyfriki\/2011\/09\/30\/como-configurar-tu-privacidad-en-el-nuevo-facebook-el-timeline-open-graph-y-tu-cronologia\/","title":{"rendered":"C\u00f3mo configurar tu privacidad en el nuevo Facebook: el timeline, Open Graph y tu cronolog\u00eda"},"content":{"rendered":"<p>Con la llegada de <strong>Facebook Timeline<\/strong>, y la consecuente desaparici\u00f3n del <strong>muro<\/strong>, seguro que tu preocupaci\u00f3n est\u00e1 ahora a la <strong>configuraci\u00f3n de privacidad en Facebook<\/strong>. <strong>Facebook<\/strong> no suele ser de esas plataformas que tratan muy bien a sus usuarios, con constantes cambios de privacidad. As\u00ed que es conveniente no bajar nunca la guardia.\u00a0<strong>Facebook Timeline<\/strong> trae cambios y debes aprender cuanto ante c\u00f3mo <strong>modificar la configuraci\u00f3n<\/strong> para que tu <strong>informaci\u00f3n personal no est\u00e9 abierta<\/strong> a todos.<!--more--><\/p>\n<ul>\n<li>\n<h3><a href=\"\/soyfriki\/wp-content\/uploads\/sites\/14\/2011\/09\/facebook-03.jpg\"><img loading=\"lazy\" class=\"alignright size-medium wp-image-404\" title=\"Facebook Timeline, Open Graph, privacidad\" src=\"\/soyfriki\/wp-content\/uploads\/sites\/14\/2011\/09\/facebook-03.jpg\" alt=\"Facebook Timeline, Open Graph, privacidad\" width=\"300\" height=\"230\" srcset=\"https:\/\/static-blogs.diariosur.es\/wp-content\/uploads\/sites\/14\/2011\/09\/facebook-03.jpg 1276w, https:\/\/static-blogs.diariosur.es\/wp-content\/uploads\/sites\/14\/2011\/09\/facebook-03-300x230.jpg 300w, https:\/\/static-blogs.diariosur.es\/wp-content\/uploads\/sites\/14\/2011\/09\/facebook-03-768x589.jpg 768w, https:\/\/static-blogs.diariosur.es\/wp-content\/uploads\/sites\/14\/2011\/09\/facebook-03-1024x786.jpg 1024w\" sizes=\"(max-width: 300px) 100vw, 300px\" \/><\/a>Aplicaciones &#8211; Open Graph<\/h3>\n<\/li>\n<\/ul>\n<p><strong><\/strong>Las <strong>aplicaciones<\/strong> -antes y ahora m\u00e1s- siempre han hecho posible que compartas <strong>actualizaciones<\/strong> con cualquier <strong>contacto<\/strong>. Ahora con <strong>Open Graph<\/strong>, puedes <strong>dar una \u00fanica autorizaci\u00f3n<\/strong> a las aplicaciones. Pero esto es un arma de doble filo. Ya no tendr\u00e1s que estar pulsando\u00a0<strong>&#8216;aceptar&#8217;<\/strong> <strong>aplicaciones<\/strong> constantemente, pero \u00bfes consecuente dar un &#8216;s\u00ed&#8217; universal? Bueno, al menos puedes<strong> elegir qu\u00e9 personas pueden ver tu actualizaci\u00f3n<\/strong>\u00a0en las aplicaciones. Incluso <strong>vetarlas<\/strong> a todas.<\/p>\n<ul>\n<li>\n<h3>Privacidad y actualizaciones<\/h3>\n<\/li>\n<\/ul>\n<p>Por cierto, \u00a1muy importante! Ya de paso revisa tu <strong>configuraci\u00f3n de privacidad<\/strong>\u00a0si nunca lo hiciste. Puedes elegir <strong>qui\u00e9nes ven tus actualizaciones<\/strong>. As\u00ed tu <strong>privacidad<\/strong> ser\u00e1 total.<\/p>\n<ul>\n<li>\n<h3>Las listas<\/h3>\n<\/li>\n<\/ul>\n<p>Las <strong>listas<\/strong> llevan tiempo en <strong>Facebook<\/strong>, pero la competencia con <strong>Google+<\/strong> las est\u00e1n haciendo subir enteros. Si tienes diferentes tipos de personas -trabajo, amigos, clientes, familia- las <strong>listas<\/strong> son lo mejor. <strong>Crea una lista<\/strong> y elige con qu\u00e9 amigos <strong>compartes informaci\u00f3n<\/strong> sin que todos lo sepan.<\/p>\n<ul>\n<li>\n<h3>Tu cronolog\u00eda<\/h3>\n<\/li>\n<\/ul>\n<p>Ya puedes tirar de archivo. <strong>Facebook Timeline<\/strong> permite acceder -a ti y a los otros- a <strong>informaci\u00f3n antigua<\/strong>\u00a0de tu muro. Puedes leer <strong>publicaciones<\/strong> de hace 3 \u00f3 4 a\u00f1os. Ahora, todo est\u00e1 organizado de forma <strong>cronol\u00f3gica<\/strong>: post, comentarios, fotos, v\u00eddeos&#8230;\u00a0Pero todas las publicaciones de <strong>Timeline<\/strong> pueden <strong>esconderse<\/strong> para que solamente las veamos nosotros. Podemos <strong>borrar una publicaci\u00f3n<\/strong> u <strong>ocultar contenido<\/strong> y hacerlo disponible s\u00f3lo para quien t\u00fa quieras.<\/p>\n","protected":false},"excerpt":{"rendered":"<p>Con la llegada de Facebook Timeline, y la consecuente desaparici\u00f3n del muro, seguro que tu preocupaci\u00f3n est\u00e1 ahora a la configuraci\u00f3n de privacidad en Facebook. Facebook no suele ser de esas plataformas que tratan muy bien a sus usuarios, con constantes cambios de privacidad. As\u00ed que es conveniente no bajar nunca la guardia.\u00a0Facebook Timeline trae [&hellip;]<\/p>\n","protected":false},"author":7,"featured_media":0,"comment_status":"open","ping_status":"closed","sticky":false,"template":"","format":"standard","meta":[],"categories":[14],"tags":[165,202,204,337,455],"_links":{"self":[{"href":"https:\/\/blogs.diariosur.es\/soyfriki\/wp-json\/wp\/v2\/posts\/403"}],"collection":[{"href":"https:\/\/blogs.diariosur.es\/soyfriki\/wp-json\/wp\/v2\/posts"}],"about":[{"href":"https:\/\/blogs.diariosur.es\/soyfriki\/wp-json\/wp\/v2\/types\/post"}],"author":[{"embeddable":true,"href":"https:\/\/blogs.diariosur.es\/soyfriki\/wp-json\/wp\/v2\/users\/7"}],"replies":[{"embeddable":true,"href":"https:\/\/blogs.diariosur.es\/soyfriki\/wp-json\/wp\/v2\/comments?post=403"}],"version-history":[{"count":0,"href":"https:\/\/blogs.diariosur.es\/soyfriki\/wp-json\/wp\/v2\/posts\/403\/revisions"}],"wp:attachment":[{"href":"https:\/\/blogs.diariosur.es\/soyfriki\/wp-json\/wp\/v2\/media?parent=403"}],"wp:term":[{"taxonomy":"category","embeddable":true,"href":"https:\/\/blogs.diariosur.es\/soyfriki\/wp-json\/wp\/v2\/categories?post=403"},{"taxonomy":"post_tag","embeddable":true,"href":"https:\/\/blogs.diariosur.es\/soyfriki\/wp-json\/wp\/v2\/tags?post=403"}],"curies":[{"name":"wp","href":"https:\/\/api.w.org\/{rel}","templated":true}]}}