{"id":406,"date":"2011-10-03T12:30:03","date_gmt":"2011-10-03T11:30:03","guid":{"rendered":"http:\/\/blogs.diariosur.es\/tuenti-facebook\/?p=406"},"modified":"2011-10-03T12:30:03","modified_gmt":"2011-10-03T11:30:03","slug":"emtech-spain-tecnologias-emergentes-en-malaga-26-y-27-de-octubre","status":"publish","type":"post","link":"https:\/\/blogs.diariosur.es\/soyfriki\/2011\/10\/03\/emtech-spain-tecnologias-emergentes-en-malaga-26-y-27-de-octubre\/","title":{"rendered":"EmTech Spain, tecnolog\u00edas emergentes en M\u00e1laga &#8211; 26 y 27 de octubre"},"content":{"rendered":"<p><span style=\"color: #000000;\">El <strong>MIT<\/strong> ha escogido a <strong>M\u00e1laga<\/strong> para celebrar la conferencia m\u00e1s importante sobre tecnolog\u00edas emergentes en <strong>Europa<\/strong>. Durante dos d\u00edas, <strong>EmTech Spain<\/strong>, el evento anual de referencia de<strong> Technology Review del MIT<\/strong>, analizar\u00e1, de la mano de los expertos a nivel nacional e internacional, el futuro de innovadoras tecnolog\u00edas.\u00a0<strong>EmTech Spain<\/strong> se celebrar\u00e1 en el <strong>Palacio de Ferias y Congresos de M\u00e1laga<\/strong> los d\u00edas <strong>26 y 27 de octubre de 2011<\/strong>.<!--more--><\/span><\/p>\n<p><span style=\"color: #000000;\"><img loading=\"lazy\" class=\"alignright\" src=\"\/\/www.emtechspain.com\/wp-content\/uploads\/2011\/07\/emtechlogo-es.gif\" alt=\"\" width=\"250\" height=\"80\" \/>Este es un encuentro con l\u00edderes del sector empresarial, acad\u00e9mico y tecnol\u00f3gico que se unir\u00e1n a emprendedores e inversores .\u00a0M\u00e1s de 25 expertos de reconocido prestigio nacional e internacional analizar\u00e1n temas como las <strong>ciudades inteligentes, videojuegos, biotecnolog\u00eda, nanotecnolog\u00eda, rob\u00f3tica, medios de comunicaci\u00f3n e Internet<\/strong>.\u00a0<\/span><\/p>\n<p><span style=\"color: #000000;\">La <strong>inscripci\u00f3n<\/strong> ha comenzado ya y el aforo limitado de 600 asistentes. <strong><a href=\"http:\/\/www.emtechspain.com\/registro\/\" target=\"_blank\" rel=\"external nofollow\"><span style=\"color: #000000;\">Inscr\u00edbete aqu\u00ed en EmTech Spain >>><\/span><\/a><\/strong><\/span><\/p>\n<p><span style=\"color: #000000;\">Dos d\u00edas de <strong>conferencias, mesas redondas, debates y presentaciones<\/strong> con informaci\u00f3n exclusiva. Adem\u00e1s, los participantes tendr\u00e1n la oportunidad de interactuar con los ponentes de forma activa y hacer <strong>networking<\/strong>.<\/span><\/p>\n<p><span style=\"color: #000000;\">Tras 12 a\u00f1os celebr\u00e1ndose en <strong>Boston<\/strong>, <strong>EmTech<\/strong> llega aterriza en <strong>M\u00e1laga<\/strong>. Espa\u00f1a se suma as\u00ed a una privilegiada lista de s\u00f3lo tres pa\u00edses, en la que tambi\u00e9n est\u00e1n India y China.\u00a0<\/span><\/p>\n","protected":false},"excerpt":{"rendered":"<p>El MIT ha escogido a M\u00e1laga para celebrar la conferencia m\u00e1s importante sobre tecnolog\u00edas emergentes en Europa. Durante dos d\u00edas, EmTech Spain, el evento anual de referencia de Technology Review del MIT, analizar\u00e1, de la mano de los expertos a nivel nacional e internacional, el futuro de innovadoras tecnolog\u00edas.\u00a0EmTech Spain se celebrar\u00e1 en el Palacio [&hellip;]<\/p>\n","protected":false},"author":7,"featured_media":0,"comment_status":"open","ping_status":"closed","sticky":false,"template":"","format":"standard","meta":[],"categories":[5,7],"tags":[148,150,281,305,443],"_links":{"self":[{"href":"https:\/\/blogs.diariosur.es\/soyfriki\/wp-json\/wp\/v2\/posts\/406"}],"collection":[{"href":"https:\/\/blogs.diariosur.es\/soyfriki\/wp-json\/wp\/v2\/posts"}],"about":[{"href":"https:\/\/blogs.diariosur.es\/soyfriki\/wp-json\/wp\/v2\/types\/post"}],"author":[{"embeddable":true,"href":"https:\/\/blogs.diariosur.es\/soyfriki\/wp-json\/wp\/v2\/users\/7"}],"replies":[{"embeddable":true,"href":"https:\/\/blogs.diariosur.es\/soyfriki\/wp-json\/wp\/v2\/comments?post=406"}],"version-history":[{"count":0,"href":"https:\/\/blogs.diariosur.es\/soyfriki\/wp-json\/wp\/v2\/posts\/406\/revisions"}],"wp:attachment":[{"href":"https:\/\/blogs.diariosur.es\/soyfriki\/wp-json\/wp\/v2\/media?parent=406"}],"wp:term":[{"taxonomy":"category","embeddable":true,"href":"https:\/\/blogs.diariosur.es\/soyfriki\/wp-json\/wp\/v2\/categories?post=406"},{"taxonomy":"post_tag","embeddable":true,"href":"https:\/\/blogs.diariosur.es\/soyfriki\/wp-json\/wp\/v2\/tags?post=406"}],"curies":[{"name":"wp","href":"https:\/\/api.w.org\/{rel}","templated":true}]}}