{"id":408,"date":"2011-10-03T16:20:52","date_gmt":"2011-10-03T15:20:52","guid":{"rendered":"http:\/\/blogs.diariosur.es\/tuenti-facebook\/?p=408"},"modified":"2011-10-03T16:20:52","modified_gmt":"2011-10-03T15:20:52","slug":"jason-bateman-en-twitter-vuelve-arrested-development-con-10-episodios-y-pelicula","status":"publish","type":"post","link":"https:\/\/blogs.diariosur.es\/soyfriki\/2011\/10\/03\/jason-bateman-en-twitter-vuelve-arrested-development-con-10-episodios-y-pelicula\/","title":{"rendered":"Jason Bateman en Twitter: vuelve Arrested Development con 10 episodios y pel\u00edcula"},"content":{"rendered":"<p>Nueva temporada de<strong> Arrested Development<\/strong>. Que s\u00ed. Que volver\u00e1 a la <strong>televisi\u00f3n<\/strong>. Bueno, igual a muchos de aqu\u00ed no os suenan las andanzas de la <strong>familia Bluth<\/strong>, protagonista de una de las &#8216;sit com&#8217; de culto de la Historia de la peque\u00f1a pantalla. Pero tras a\u00f1os de sequ\u00eda, <strong>Jason Bateman<\/strong>, actor principal y en la ficci\u00f3n <strong>Michael Bluth<\/strong>, lo ha confirmado en Twitter.<!--more--><\/p>\n<p>&#8220;Es verdad. Haremos\u00a0<strong>10 episodios y la pel\u00edcula<\/strong>.\u00a0Probablemente lo grabemos todo junto el pr\u00f3ximo verano\u00a0para un lanzamiento a comienzos de\u00a0<strong>2013<\/strong>. \u00a1Estoy muy emocionado!&#8221;, ha expuesto en su cuenta de Bateman.<\/p>\n<div id=\"attachment_410\" style=\"width: 670px\" class=\"wp-caption alignleft\"><a href=\"\/soyfriki\/wp-content\/uploads\/sites\/14\/2011\/10\/jason-bateman-twitter-arrested.png\"><img aria-describedby=\"caption-attachment-410\" loading=\"lazy\" class=\"size-full wp-image-410\" title=\"jason-bateman-twitter-arrested\" src=\"\/soyfriki\/wp-content\/uploads\/sites\/14\/2011\/10\/jason-bateman-twitter-arrested.png\" alt=\"Jason Bateman anuncia en su Twitter la nueva temporada de Arrested Development.\" width=\"660\" height=\"437\" srcset=\"https:\/\/static-blogs.diariosur.es\/wp-content\/uploads\/sites\/14\/2011\/10\/jason-bateman-twitter-arrested.png 660w, https:\/\/static-blogs.diariosur.es\/wp-content\/uploads\/sites\/14\/2011\/10\/jason-bateman-twitter-arrested-300x199.png 300w\" sizes=\"(max-width: 660px) 100vw, 660px\" \/><\/a><p id=\"caption-attachment-410\" class=\"wp-caption-text\">Jason Bateman anuncia en Twitter nueva temporada de Arrested Development.<\/p><\/div>\n<p>De hecho, los fans estaban tan ansiosos que buscan y rebuscan <strong>noticias<\/strong> de\u00a0<strong>Arrested Development<\/strong> en <strong>Google<\/strong>, posicion\u00e1ndo a la serie en el <strong><a href=\"http:\/\/www.google.es\/trends\" target=\"_blank\" rel=\"external nofollow\">Top Five de Google Trends<\/a><\/strong>. Un espacio reservado a <strong>terremotos<\/strong>, <strong>dietas milagro<\/strong> y <strong>jugadores de la NFL o la NBA<\/strong>. Por supuesto que<strong> Arrested Development<\/strong> se ha convertido en trending topic, pero est\u00e1 claro que el que <strong>Jason Bateman<\/strong> anuncie su vuelta en <strong>Twitter<\/strong>, responde a una clara estrategia viral.<\/p>\n<p><strong>Arrested Development,<\/strong> que se emiti\u00f3 en <strong>EEUU<\/strong> entre 2003 y 2006, ha ganado seis <strong>Premios Emmy<\/strong> y un <strong>Globo de Oro<\/strong>.\u00a0Entre los actores destacan nombres tan populares como los de <strong>Portia de Rossi y Michael Cera<\/strong>.<\/p>\n","protected":false},"excerpt":{"rendered":"<p>Nueva temporada de Arrested Development. Que s\u00ed. Que volver\u00e1 a la televisi\u00f3n. Bueno, igual a muchos de aqu\u00ed no os suenan las andanzas de la familia Bluth, protagonista de una de las &#8216;sit com&#8217; de culto de la Historia de la peque\u00f1a pantalla. Pero tras a\u00f1os de sequ\u00eda, Jason Bateman, actor principal y en la [&hellip;]<\/p>\n","protected":false},"author":7,"featured_media":0,"comment_status":"open","ping_status":"closed","sticky":false,"template":"","format":"standard","meta":[],"categories":[8],"tags":[94,202,205,407,474,483],"_links":{"self":[{"href":"https:\/\/blogs.diariosur.es\/soyfriki\/wp-json\/wp\/v2\/posts\/408"}],"collection":[{"href":"https:\/\/blogs.diariosur.es\/soyfriki\/wp-json\/wp\/v2\/posts"}],"about":[{"href":"https:\/\/blogs.diariosur.es\/soyfriki\/wp-json\/wp\/v2\/types\/post"}],"author":[{"embeddable":true,"href":"https:\/\/blogs.diariosur.es\/soyfriki\/wp-json\/wp\/v2\/users\/7"}],"replies":[{"embeddable":true,"href":"https:\/\/blogs.diariosur.es\/soyfriki\/wp-json\/wp\/v2\/comments?post=408"}],"version-history":[{"count":0,"href":"https:\/\/blogs.diariosur.es\/soyfriki\/wp-json\/wp\/v2\/posts\/408\/revisions"}],"wp:attachment":[{"href":"https:\/\/blogs.diariosur.es\/soyfriki\/wp-json\/wp\/v2\/media?parent=408"}],"wp:term":[{"taxonomy":"category","embeddable":true,"href":"https:\/\/blogs.diariosur.es\/soyfriki\/wp-json\/wp\/v2\/categories?post=408"},{"taxonomy":"post_tag","embeddable":true,"href":"https:\/\/blogs.diariosur.es\/soyfriki\/wp-json\/wp\/v2\/tags?post=408"}],"curies":[{"name":"wp","href":"https:\/\/api.w.org\/{rel}","templated":true}]}}