{"id":41,"date":"2009-05-29T13:11:00","date_gmt":"2009-05-29T13:11:00","guid":{"rendered":"http:\/\/blogs.diariosur.es\/tuenti-facebook\/?p=41"},"modified":"2009-05-29T13:11:00","modified_gmt":"2009-05-29T13:11:00","slug":"tuenti-la-victoria-la-red-social-sobre-porno","status":"publish","type":"post","link":"https:\/\/blogs.diariosur.es\/soyfriki\/2009\/05\/29\/tuenti-la-victoria-la-red-social-sobre-porno\/","title":{"rendered":"Tuenti: \u00bfla victoria de la red social sobre el porno?"},"content":{"rendered":"<p>Uno de los cinco creadores de la plataforma social de origen espa\u00f1ol Tuenti, \u00cdcaro Moyano, destac\u00f3 ayer en Valencia que las redes sociales han propiciado el cambio del usuario &#8216;pasivo&#8217; interesado en el &#8216;consumo de informaci\u00f3n&#8217; al internauta &#8216;activo&#8217; que participa en el proceso como \u00abemisor de contenidos para compartir\u00bb.<\/p>\n<p>Moyano, que imparti\u00f3 ayer una conferencia en el Paraninfo de la Universidad Polit\u00e9cnica de Valencia, incidi\u00f3 en que el uso de Internet \u00abha evolucionado en los \u00faltimos a\u00f1os\u00bb como demuestra que en los listados de palabras m\u00e1s buscadas hayan ca\u00eddo las relacionadas con pornograf\u00eda y hayan crecido las de empresas dedicadas a compartir contenidos como Youtube.<\/p>\n<p>Al respecto, se\u00f1al\u00f3 que en el listado de b\u00fasquedas emergentes de 2008 elaborado por Google, Tuenti aparec\u00eda en el cuarto lugar, con un incremento en b\u00fasquedas del 3.500 por ciento. Moyano atribuy\u00f3 el \u00ab\u00e9xito\u00bb de Tuenti a las \u00abcaracter\u00edsticas derivadas de la identidad local\u00bb como la estructura provincial o la gesti\u00f3n transparente.<\/p>\n<p><strong> Visto en <\/strong><A href=\"http:\/\/www.abc.es\/20090529\/valencia-valencia\/cofundador-tuenti-cree-redes-20090529.html\" title=\"http:\/\/www.abc.es\/20090529\/valencia-valencia\/cofundador-tuenti-cree-redes-20090529.html\" id=\"link_0\">ABC.es<\/a> <\/p>\n","protected":false},"excerpt":{"rendered":"<p>Uno de los cinco creadores de la plataforma social de origen espa\u00f1ol Tuenti, \u00cdcaro Moyano, destac\u00f3 ayer en Valencia que las redes sociales han propiciado el cambio del usuario &#8216;pasivo&#8217; interesado en el &#8216;consumo de informaci\u00f3n&#8217; al internauta &#8216;activo&#8217; que participa en el proceso como \u00abemisor de contenidos para compartir\u00bb. Moyano, que imparti\u00f3 ayer una [&hellip;]<\/p>\n","protected":false},"author":7,"featured_media":0,"comment_status":"open","ping_status":"closed","sticky":false,"template":"","format":"standard","meta":[],"categories":[9],"tags":[244,471,529],"_links":{"self":[{"href":"https:\/\/blogs.diariosur.es\/soyfriki\/wp-json\/wp\/v2\/posts\/41"}],"collection":[{"href":"https:\/\/blogs.diariosur.es\/soyfriki\/wp-json\/wp\/v2\/posts"}],"about":[{"href":"https:\/\/blogs.diariosur.es\/soyfriki\/wp-json\/wp\/v2\/types\/post"}],"author":[{"embeddable":true,"href":"https:\/\/blogs.diariosur.es\/soyfriki\/wp-json\/wp\/v2\/users\/7"}],"replies":[{"embeddable":true,"href":"https:\/\/blogs.diariosur.es\/soyfriki\/wp-json\/wp\/v2\/comments?post=41"}],"version-history":[{"count":0,"href":"https:\/\/blogs.diariosur.es\/soyfriki\/wp-json\/wp\/v2\/posts\/41\/revisions"}],"wp:attachment":[{"href":"https:\/\/blogs.diariosur.es\/soyfriki\/wp-json\/wp\/v2\/media?parent=41"}],"wp:term":[{"taxonomy":"category","embeddable":true,"href":"https:\/\/blogs.diariosur.es\/soyfriki\/wp-json\/wp\/v2\/categories?post=41"},{"taxonomy":"post_tag","embeddable":true,"href":"https:\/\/blogs.diariosur.es\/soyfriki\/wp-json\/wp\/v2\/tags?post=41"}],"curies":[{"name":"wp","href":"https:\/\/api.w.org\/{rel}","templated":true}]}}