{"id":412,"date":"2011-10-07T11:05:51","date_gmt":"2011-10-07T10:05:51","guid":{"rendered":"http:\/\/blogs.diariosur.es\/tuenti-facebook\/?p=412"},"modified":"2011-10-07T11:05:51","modified_gmt":"2011-10-07T10:05:51","slug":"la-tienda-de-primark-de-malaga-ya-vende-en-twitter-y-facebook","status":"publish","type":"post","link":"https:\/\/blogs.diariosur.es\/soyfriki\/2011\/10\/07\/la-tienda-de-primark-de-malaga-ya-vende-en-twitter-y-facebook\/","title":{"rendered":"La tienda de Primark de M\u00e1laga ya vende en Twitter y Facebook: #26octubre"},"content":{"rendered":"<p>La cadena textil irlandesa<span style=\"color: #000000;\"> <a href=\"http:\/\/www.diariosur.es\/v\/20111007\/malaga\/cadena-textil-irlandesa-primark-20111007.html\" target=\"_blank\" rel=\"external nofollow\"><span style=\"color: #000000;\"><strong>Primark<\/strong> ha elegido el <strong>centro comercial Larios Centro<\/strong> para abrir su primera <strong>tienda en M\u00e1laga<\/strong><\/span><\/a><\/span> y la gent<span style=\"color: #000000;\">e se ha visto arrastrada por una locura que no se recuerda desde la <strong>apertura de Ikea<\/strong>, por ejemplo. Famosa por su\u00a0<strong>&#8216;low cost&#8217;<\/strong>,\u00a0\u00a0est\u00e1 previsto que <strong>Primark M\u00e1laga<\/strong> se inaugure el pr\u00f3ximo<strong> 26 de octubre<\/strong> y sus fans en las <strong>redes sociales<\/strong> -no pod\u00eda creerlo cuando empec\u00e9 a verlo desde primera hora en <strong>Twitter y Facebook<\/strong>.<!--more--><\/span><\/p>\n<div class=\"mceTemp mceIEcenter\">\n<dl id=\"attachment_413\" class=\"wp-caption aligncenter\" style=\"width: 670px;\">\n<dt class=\"wp-caption-dt\"><a href=\"\/soyfriki\/wp-content\/uploads\/sites\/14\/2011\/10\/primark-tienda.jpg\"><img loading=\"lazy\" class=\"size-full wp-image-413\" title=\"Primark es trending topic en M\u00e1laga\" src=\"\/soyfriki\/wp-content\/uploads\/sites\/14\/2011\/10\/primark-tienda.jpg\" alt=\"Primark es trending topic en M\u00e1laga\" width=\"660\" height=\"269\" srcset=\"https:\/\/static-blogs.diariosur.es\/wp-content\/uploads\/sites\/14\/2011\/10\/primark-tienda.jpg 660w, https:\/\/static-blogs.diariosur.es\/wp-content\/uploads\/sites\/14\/2011\/10\/primark-tienda-300x122.jpg 300w\" sizes=\"(max-width: 660px) 100vw, 660px\" \/><\/a><\/dt>\n<\/dl>\n<\/div>\n<p><span style=\"color: #000000;\">Cuando se sabe poco m\u00e1s que su ubicaci\u00f3n, el <strong>Centro Comercial Larios<\/strong>,\u00a0con dos plantas de superficie comercial y el d\u00eda de apertura, la gente ya ha compartido la noticia de <strong>Diario SUR<\/strong> m\u00e1s de un centenar de veces. Y no se queda ah\u00ed. \u00a1Desde las 10 de la ma\u00f1ana ya es la<strong> noticia m\u00e1s vista<\/strong> del d\u00eda!\u00a0<\/span><\/p>\n<p><span style=\"color: #000000;\"><strong>Tienda<\/strong> y <strong>Primark<\/strong> ya son trending topic en M\u00e1laga. Incluso, como demuestran las cifras, por encima de la <strong>#ConvencionPP<\/strong>. De hecho, ya se han inventado un hashtag para Twitter:\u00a0\u00a0<strong><span style=\"color: #000000;\">#26Octubr<\/span>e<\/strong>.\u00a0la gente expresa su alegr\u00eda:<\/span><\/p>\n<blockquote><p><strong>Primark<\/strong> abrir\u00e1 su <strong>primera\u00a0tienda\u00a0en M\u00e1laga<\/strong> el 26 de octubre. No hagas planes! xD<\/p>\n<p><strong>Primark<\/strong>\u00a0abrir\u00e1 su <strong>primera tienda en M\u00e1laga<\/strong> el 26 de octubre.\u00a0Bieeeeeeen!!!<\/p>\n<p>Biennn por fin el\u00a0<strong>Primark\u00a0<\/strong>en M\u00e1laga!!!\u00a0<strong><span style=\"color: #000000;\">#26Octubre<\/span><\/strong><\/p><\/blockquote>\n<p><strong>M\u00e1laga<\/strong> se suma a las tiendas que la cadena <strong>Primark<\/strong> ya tiene en<strong> Jerez y Algeciras<\/strong>, que tienen un gran \u00e9xito de ventas. Si la tienda <strong>Primark<\/strong> tiene tanto \u00e9xito como lo est\u00e1 teniendo en <strong>Twitter y Facebook<\/strong>, va a tener raz\u00f3n una follower amiga. &#8220;No voy a poner un pie all\u00ed hasta febrero, no quiero morir aplastada en un <strong>Primark<\/strong>&#8220;.<\/p>\n","protected":false},"excerpt":{"rendered":"<p>La cadena textil irlandesa Primark ha elegido el centro comercial Larios Centro para abrir su primera tienda en M\u00e1laga y la gente se ha visto arrastrada por una locura que no se recuerda desde la apertura de Ikea, por ejemplo. Famosa por su\u00a0&#8216;low cost&#8217;,\u00a0\u00a0est\u00e1 previsto que Primark M\u00e1laga se inaugure el pr\u00f3ximo 26 de octubre [&hellip;]<\/p>\n","protected":false},"author":7,"featured_media":0,"comment_status":"open","ping_status":"closed","sticky":false,"template":"","format":"standard","meta":[],"categories":[8],"tags":[165,371,468,483],"_links":{"self":[{"href":"https:\/\/blogs.diariosur.es\/soyfriki\/wp-json\/wp\/v2\/posts\/412"}],"collection":[{"href":"https:\/\/blogs.diariosur.es\/soyfriki\/wp-json\/wp\/v2\/posts"}],"about":[{"href":"https:\/\/blogs.diariosur.es\/soyfriki\/wp-json\/wp\/v2\/types\/post"}],"author":[{"embeddable":true,"href":"https:\/\/blogs.diariosur.es\/soyfriki\/wp-json\/wp\/v2\/users\/7"}],"replies":[{"embeddable":true,"href":"https:\/\/blogs.diariosur.es\/soyfriki\/wp-json\/wp\/v2\/comments?post=412"}],"version-history":[{"count":0,"href":"https:\/\/blogs.diariosur.es\/soyfriki\/wp-json\/wp\/v2\/posts\/412\/revisions"}],"wp:attachment":[{"href":"https:\/\/blogs.diariosur.es\/soyfriki\/wp-json\/wp\/v2\/media?parent=412"}],"wp:term":[{"taxonomy":"category","embeddable":true,"href":"https:\/\/blogs.diariosur.es\/soyfriki\/wp-json\/wp\/v2\/categories?post=412"},{"taxonomy":"post_tag","embeddable":true,"href":"https:\/\/blogs.diariosur.es\/soyfriki\/wp-json\/wp\/v2\/tags?post=412"}],"curies":[{"name":"wp","href":"https:\/\/api.w.org\/{rel}","templated":true}]}}