{"id":42,"date":"2009-05-29T21:06:00","date_gmt":"2009-05-29T21:06:00","guid":{"rendered":"http:\/\/blogs.diariosur.es\/tuenti-facebook\/?p=42"},"modified":"2009-05-29T21:06:00","modified_gmt":"2009-05-29T21:06:00","slug":"tuenti-cambia-su-aspecto-o-eso-parece","status":"publish","type":"post","link":"https:\/\/blogs.diariosur.es\/soyfriki\/2009\/05\/29\/tuenti-cambia-su-aspecto-o-eso-parece\/","title":{"rendered":"Tuenti cambia su aspecto&#8230; o eso parece"},"content":{"rendered":"<p> <IMG class=\"imgdcha\" src=\"\/\/www.diariosur.es\/RC\/200904\/03\/Media\/tuenti--253x190.jpg\" id=\"img_0\">Las redes sociales necesitan cambiar m\u00e1s que nadie. Facebook ya modific\u00f3 su interfaz con m\u00e1s o menos aceptaci\u00f3n y ahora, parece que le toca el turno a Tuenti seg\u00fan apuntan todas las versiones.<\/p>\n<p>A la versi\u00f3n en pruebas pueden acceder desde principios de mayo los usuarios m\u00e1s veteranos, y de los que Tuenti quiere recabar opiniones.<\/p>\n<p>Se sabr\u00e1n m\u00e1s detalles las pr\u00f3ximas semanas. De momento se sabe que habr\u00e1 m\u00e1s herramientas para interactuar.<\/p>\n<p>Su creador, Zaryn Dentzel ha comentado que se ir\u00e1n a\u00f1adiendo cambios tambi\u00e9n en junio y para julio se ir\u00e1 adaptando.<\/p>\n<p>Lo m\u00e1s importante es que Tuenti cambia y parece que adem\u00e1s cuenta con el comod\u00edn del p\u00fablico.<\/p>\n<p><strong>Visto en <\/strong><A href=\"http:\/\/www.newspcs.com\/8057\/tuenti-cambia.html\" title=\"http:\/\/www.newspcs.com\/8057\/tuenti-cambia.html\" id=\"link_0\">newspcs.com<\/a> <\/p>\n","protected":false},"excerpt":{"rendered":"<p>Las redes sociales necesitan cambiar m\u00e1s que nadie. Facebook ya modific\u00f3 su interfaz con m\u00e1s o menos aceptaci\u00f3n y ahora, parece que le toca el turno a Tuenti seg\u00fan apuntan todas las versiones. A la versi\u00f3n en pruebas pueden acceder desde principios de mayo los usuarios m\u00e1s veteranos, y de los que Tuenti quiere recabar [&hellip;]<\/p>\n","protected":false},"author":7,"featured_media":0,"comment_status":"open","ping_status":"closed","sticky":false,"template":"","format":"standard","meta":[],"categories":[9],"tags":[165,471],"_links":{"self":[{"href":"https:\/\/blogs.diariosur.es\/soyfriki\/wp-json\/wp\/v2\/posts\/42"}],"collection":[{"href":"https:\/\/blogs.diariosur.es\/soyfriki\/wp-json\/wp\/v2\/posts"}],"about":[{"href":"https:\/\/blogs.diariosur.es\/soyfriki\/wp-json\/wp\/v2\/types\/post"}],"author":[{"embeddable":true,"href":"https:\/\/blogs.diariosur.es\/soyfriki\/wp-json\/wp\/v2\/users\/7"}],"replies":[{"embeddable":true,"href":"https:\/\/blogs.diariosur.es\/soyfriki\/wp-json\/wp\/v2\/comments?post=42"}],"version-history":[{"count":0,"href":"https:\/\/blogs.diariosur.es\/soyfriki\/wp-json\/wp\/v2\/posts\/42\/revisions"}],"wp:attachment":[{"href":"https:\/\/blogs.diariosur.es\/soyfriki\/wp-json\/wp\/v2\/media?parent=42"}],"wp:term":[{"taxonomy":"category","embeddable":true,"href":"https:\/\/blogs.diariosur.es\/soyfriki\/wp-json\/wp\/v2\/categories?post=42"},{"taxonomy":"post_tag","embeddable":true,"href":"https:\/\/blogs.diariosur.es\/soyfriki\/wp-json\/wp\/v2\/tags?post=42"}],"curies":[{"name":"wp","href":"https:\/\/api.w.org\/{rel}","templated":true}]}}