{"id":422,"date":"2011-10-11T11:45:01","date_gmt":"2011-10-11T10:45:01","guid":{"rendered":"http:\/\/blogs.diariosur.es\/tuenti-facebook\/?p=422"},"modified":"2011-10-11T11:45:01","modified_gmt":"2011-10-11T10:45:01","slug":"twitter-defiende-a-ana-pastor-ante-angel-minguez-los-anapastorboys","status":"publish","type":"post","link":"https:\/\/blogs.diariosur.es\/soyfriki\/2011\/10\/11\/twitter-defiende-a-ana-pastor-ante-angel-minguez-los-anapastorboys\/","title":{"rendered":"Twitter defiende a Ana Pastor ante \u00c1ngel Minguez: los #anapastorboys"},"content":{"rendered":"<p>&#8220;\u00bfQu\u00e9 nombre se pondr\u00e1 <a href=\"http:\/\/twitter.com\/#!\/anapastor_tve\" target=\"_blank\" rel=\"external nofollow\">@anapastor_tve <\/a>tras el #20n? dicen por ah\u00ed que ser\u00e1 @anapastor_canalsur&#8221;, insinu\u00f3 <a href=\"http:\/\/twitter.com\/#%21\/angelminguez\" target=\"_blank\" rel=\"external nofollow\">\u00c1ngel M\u00ednguez<\/a>. S\u00ed, el secretario de Presidencia de Les Corts Valencianas y miembro de las Nuevas Generaciones del PP tiene la gracia donde amarga el pepino. Y adem\u00e1s muy poco tacto, la verdad.<!--more--><\/p>\n<p><a href=\"http:\/\/blogs.diariosur.es\/tuenti-facebook\/\"><img loading=\"lazy\" class=\"alignright\" title=\"Angel Minguez, PP de Valencia, avatar en Twitter\" src=\"\/\/a0.twimg.com\/profile_images\/1555864358\/angel_minguez.jpg\" alt=\"Angel Minguez, PP de Valencia, avatar en Twitter\" width=\"240\" height=\"232\" \/><\/a>Ese era su comentario esta ma\u00f1ana en Twitter. Y la ha liado, claro est\u00e1. Re\u00edrse del futuro de un profesional del periodismo, tal y como est\u00e1 el patio, y de paso poner en tela de juicio los criterios informativa de la futura televisi\u00f3n p\u00fablica, no tiene gracia.<\/p>\n<p>Os dejo la cronolog\u00eda en mensajes:<\/p>\n<p>@angelminguez: \u00bfQu\u00e9 nombre se pondr\u00e1 @anapastor_tve tras el #20n? dicen por ah\u00ed que ser\u00e1 @anapastor_canalsur<\/p>\n<p>@anapastor_tve: Qu\u00e9 quieres decir? Manejas buena informaci\u00f3n?.\u00a0Me sorprende que teniendo responsabilidad en tu partido hagas ciertos comentarios&#8230;&#8221;<\/p>\n<p>@angelminguez:\u00a0&#8220;No te lo tomes a mal, solo era curiosidad, en el fondo me caes bien&#8221;<\/p>\n<p>@angelminguez:\u00a0&#8220;Vaya vaya, yo no he insultado a nadie y estoy recibiendo una retah\u00edla de ataques contra mi persona bastante curiosos&#8221;<\/p>\n<p style=\"text-align: center;\">&#8212; y aqu\u00ed empieza una lluvia de cr\u00edticas de los usuario de Twitter llam\u00e1ndolo &#8220;perdonavidas&#8221;, &#8220;chulo&#8221; o &#8220;mafioso&#8221;, entre otras lindezas &#8212;<\/p>\n<p>@angelminguez:\u00a0&#8220;Me dan miedo los #anapastorboys&#8230;&#8221;.<\/p>\n<p>@anapastor_tve: &#8220;Pausa.\u00a0no me apetece entrar a las provocaciones\u00a0de quienes desde la pol\u00edtica dicen saber qu\u00e9 ser\u00e1 de TVE y sus periodistas el 21N. Buena tarde&#8221;.<\/p>\n<p>@angelminguez: &#8220;Por favor, ya he dicho que Ana Pastor me cae bien, solo hice un comentario por su nick que me parec\u00eda gracioso. Jam\u00e1s he amenazado a Ana Pastor, era una broma que le har\u00eda a cualquier amigo, lo hab\u00e9is exagerado vosotros<\/p>\n<p>@angelminguez:\u00a0&#8220;Pido p\u00fablicamente perd\u00f3n si he ofendido a alguien, no era en absoluto mi intenci\u00f3n, se est\u00e1n sobreexagerando las cosas&#8221;.<\/p>\n<p>Creo que este di\u00e1logo lo dice todo. Yo no voy a ser el que mida la talla moral de este se\u00f1or, porque \u00e9l s\u00f3lo se lo dice todo. Una mala forma de gestionar tu marca personal en Internet, apuntar\u00e9. Se\u00f1or M\u00ednguez, un consejo: en Twitter, como en pol\u00edtica, no s\u00f3lo hay que ser honrado, sino parecerlo.<\/p>\n","protected":false},"excerpt":{"rendered":"<p>&#8220;\u00bfQu\u00e9 nombre se pondr\u00e1 @anapastor_tve tras el #20n? dicen por ah\u00ed que ser\u00e1 @anapastor_canalsur&#8221;, insinu\u00f3 \u00c1ngel M\u00ednguez. S\u00ed, el secretario de Presidencia de Les Corts Valencianas y miembro de las Nuevas Generaciones del PP tiene la gracia donde amarga el pepino. Y adem\u00e1s muy poco tacto, la verdad.<\/p>\n","protected":false},"author":7,"featured_media":0,"comment_status":"open","ping_status":"closed","sticky":false,"template":"","format":"standard","meta":[],"categories":[8],"tags":[],"_links":{"self":[{"href":"https:\/\/blogs.diariosur.es\/soyfriki\/wp-json\/wp\/v2\/posts\/422"}],"collection":[{"href":"https:\/\/blogs.diariosur.es\/soyfriki\/wp-json\/wp\/v2\/posts"}],"about":[{"href":"https:\/\/blogs.diariosur.es\/soyfriki\/wp-json\/wp\/v2\/types\/post"}],"author":[{"embeddable":true,"href":"https:\/\/blogs.diariosur.es\/soyfriki\/wp-json\/wp\/v2\/users\/7"}],"replies":[{"embeddable":true,"href":"https:\/\/blogs.diariosur.es\/soyfriki\/wp-json\/wp\/v2\/comments?post=422"}],"version-history":[{"count":0,"href":"https:\/\/blogs.diariosur.es\/soyfriki\/wp-json\/wp\/v2\/posts\/422\/revisions"}],"wp:attachment":[{"href":"https:\/\/blogs.diariosur.es\/soyfriki\/wp-json\/wp\/v2\/media?parent=422"}],"wp:term":[{"taxonomy":"category","embeddable":true,"href":"https:\/\/blogs.diariosur.es\/soyfriki\/wp-json\/wp\/v2\/categories?post=422"},{"taxonomy":"post_tag","embeddable":true,"href":"https:\/\/blogs.diariosur.es\/soyfriki\/wp-json\/wp\/v2\/tags?post=422"}],"curies":[{"name":"wp","href":"https:\/\/api.w.org\/{rel}","templated":true}]}}