{"id":437,"date":"2011-10-24T18:27:08","date_gmt":"2011-10-24T17:27:08","guid":{"rendered":"http:\/\/blogs.diariosur.es\/tuenti-facebook\/?p=437"},"modified":"2011-10-24T18:27:08","modified_gmt":"2011-10-24T17:27:08","slug":"webcongress-madrid-marketing-online-para-el-1-y-2-de-diciembre","status":"publish","type":"post","link":"https:\/\/blogs.diariosur.es\/soyfriki\/2011\/10\/24\/webcongress-madrid-marketing-online-para-el-1-y-2-de-diciembre\/","title":{"rendered":"WebCongress Madrid, Marketing online para el 1 y 2 de diciembre"},"content":{"rendered":"<p><a href=\"\/soyfriki\/wp-content\/uploads\/sites\/14\/2011\/10\/webcongress-madrid.jpg\"><img loading=\"lazy\" class=\"aligncenter size-full wp-image-438\" title=\"webcongress-madrid\" src=\"\/soyfriki\/wp-content\/uploads\/sites\/14\/2011\/10\/webcongress-madrid.jpg\" alt=\"webcongress-madrid\" width=\"660\" height=\"143\" srcset=\"https:\/\/static-blogs.diariosur.es\/wp-content\/uploads\/sites\/14\/2011\/10\/webcongress-madrid.jpg 660w, https:\/\/static-blogs.diariosur.es\/wp-content\/uploads\/sites\/14\/2011\/10\/webcongress-madrid-300x65.jpg 300w\" sizes=\"(max-width: 660px) 100vw, 660px\" \/><\/a><\/p>\n<p>Llega una nueva edici\u00f3n de <strong>WebCongress<\/strong> el <strong>1 y 2 \u00a0de diciembre de 2011<\/strong>, ahora a <strong>Madrid<\/strong>. El evento de m\u00e1rketing digital que ya pasara por <strong>M\u00e1laga<\/strong>, trae nuevas conferencias y workshops de formaci\u00f3n a la capital del reino. En el<strong> IMAX Madrid<\/strong>. Por <strong>100 euros<\/strong> si reservas hoy.<!--more--><\/p>\n<p>Lo mejor en las conferencias plenarias, con variados\u00a0expertos del marketing online. Ya hay confirmadas presencias como la de\u00a0<strong>Eduardo Fernandez<\/strong><em> (VP and Managing Director <strong>RIM Spain &#8211; Blackberry<\/strong>) o\u00a0<\/em><strong>Elias Kai Search<\/strong> (Marketing project Manager, SEO &#038; Social Concepts en <strong>Bwin<\/strong>). Adem\u00e1s, se est\u00e1n cerrando ponentes de <strong>Google<\/strong> y <strong>Tuenti<\/strong>, entre otros. Que adem\u00e1s son patrocinadores del evento.<\/p>\n<p>Como detalle interesante, se celebrar\u00e1n un <strong>Panel in Live!<\/strong> A\/B testing sobre usabilidad <strong>Iphone<\/strong>, <strong>Android<\/strong>,<strong> Call To Action (CTA)<\/strong>. En la parte pr\u00e1ctica, las<strong> conferencias y workshops<\/strong> a las que el\u00a0<strong>WebCongress \u00a0<\/strong>nos tiene acostumbrados:\u00a0<strong>SEO, SEM, Social Media Strategies, Facebook Apps, analt\u00edca web\u2026<\/strong><\/p>\n<p>\u00a1Ah claro! Y la <strong>WebParty<\/strong>.\u00a0El 1 diciembre por la noche se celebra la espectacular fiesta de gala.<\/p>\n<p>M\u00e1s informaci\u00f3n en <a href=\"http:\/\/www.webcongress.com\/madrid\/\" target=\"_blank\" rel=\"external nofollow\">http:\/\/www.webcongress.com\/<\/a><\/p>\n","protected":false},"excerpt":{"rendered":"<p>Llega una nueva edici\u00f3n de WebCongress el 1 y 2 \u00a0de diciembre de 2011, ahora a Madrid. El evento de m\u00e1rketing digital que ya pasara por M\u00e1laga, trae nuevas conferencias y workshops de formaci\u00f3n a la capital del reino. En el IMAX Madrid. Por 100 euros si reservas hoy.<\/p>\n","protected":false},"author":7,"featured_media":0,"comment_status":"open","ping_status":"closed","sticky":false,"template":"","format":"standard","meta":[],"categories":[13,5,8],"tags":[41,65,165,202,249,280,281,404,406,597,471,512],"_links":{"self":[{"href":"https:\/\/blogs.diariosur.es\/soyfriki\/wp-json\/wp\/v2\/posts\/437"}],"collection":[{"href":"https:\/\/blogs.diariosur.es\/soyfriki\/wp-json\/wp\/v2\/posts"}],"about":[{"href":"https:\/\/blogs.diariosur.es\/soyfriki\/wp-json\/wp\/v2\/types\/post"}],"author":[{"embeddable":true,"href":"https:\/\/blogs.diariosur.es\/soyfriki\/wp-json\/wp\/v2\/users\/7"}],"replies":[{"embeddable":true,"href":"https:\/\/blogs.diariosur.es\/soyfriki\/wp-json\/wp\/v2\/comments?post=437"}],"version-history":[{"count":0,"href":"https:\/\/blogs.diariosur.es\/soyfriki\/wp-json\/wp\/v2\/posts\/437\/revisions"}],"wp:attachment":[{"href":"https:\/\/blogs.diariosur.es\/soyfriki\/wp-json\/wp\/v2\/media?parent=437"}],"wp:term":[{"taxonomy":"category","embeddable":true,"href":"https:\/\/blogs.diariosur.es\/soyfriki\/wp-json\/wp\/v2\/categories?post=437"},{"taxonomy":"post_tag","embeddable":true,"href":"https:\/\/blogs.diariosur.es\/soyfriki\/wp-json\/wp\/v2\/tags?post=437"}],"curies":[{"name":"wp","href":"https:\/\/api.w.org\/{rel}","templated":true}]}}