{"id":439,"date":"2011-10-25T08:30:36","date_gmt":"2011-10-25T07:30:36","guid":{"rendered":"http:\/\/blogs.diariosur.es\/tuenti-facebook\/?p=439"},"modified":"2011-10-25T08:30:36","modified_gmt":"2011-10-25T07:30:36","slug":"emtech-malaga-26-y-27-de-octubre-con-descuentos-para-universitarios","status":"publish","type":"post","link":"https:\/\/blogs.diariosur.es\/soyfriki\/2011\/10\/25\/emtech-malaga-26-y-27-de-octubre-con-descuentos-para-universitarios\/","title":{"rendered":"EmTech M\u00e1laga -26 y 27 de octubre- con descuentos para universitarios"},"content":{"rendered":"<p>Por fin llega a <strong>M\u00e1laga EmTech<\/strong>. \u00a0EmTech no es una conferencia m\u00e1s, el lugar en el que convergen tecnolog\u00eda, negocios y cultura. \u00a1A ver si es verdad que esta es la conferencia definitiva! Su nombre viene de <strong>&#8216;tecnolog\u00edas emergentes<\/strong>&#8216; \u00a0y cita a personas innovadoras de todo el mundo en el <strong>Palacio de Ferias y Congresos de M\u00e1laga<\/strong>. El 26 y 27 de octubre.<!--more--><\/p>\n<p><strong>EmTech<\/strong> es el gran evento anual de <strong>Technology Review<\/strong>, la publicaci\u00f3n m\u00e1s prestigiosa del <strong>MIT (Massachusetts Institute of Technology )<\/strong>. Igual eres tan friki como yo, y te suena de<strong> &#8216;Fringe&#8217;<\/strong>. Es un evento centrado en el an\u00e1lisis de las tecnolog\u00edas m\u00e1s y su impacto en los negocios y la econom\u00eda global.<\/p>\n<p style=\"text-align: center;\"><img loading=\"lazy\" class=\"aligncenter\" src=\"\/\/www.emtechspain.com\/wp-content\/uploads\/2011\/09\/Jason_ESP.jpg\" alt=\"Jason_ESP\" width=\"656\" height=\"250\" \/><\/p>\n<p><strong>Nanotecnolog\u00eda<\/strong>, <strong>rob\u00f3tica<\/strong>, <strong>medios de comunicaci\u00f3n<\/strong>, <strong>Internet<\/strong> y <strong>videojuegos<\/strong> son los principales temas de las conferencias, mesas redondas y debates .<\/p>\n<p>Gente como\u00a0<strong>Jason Pontin (<\/strong>Director del Technology Review <strong>MIT<\/strong>),\u00a0<strong>Susan Hockfield (<\/strong>Presidenta del <strong>MIT<\/strong>),\u00a0<strong>Othman Laraki \u00a0(<\/strong>Director de B\u00fasqueda &#038; Geo en\u00a0<strong>Twitter<\/strong>),\u00a0<strong>Erik Schultink (<\/strong>CTO de <strong>Tuenti<\/strong>),\u00a0<strong>Ignacio P\u00e9rez Dolset (<\/strong>Co-Presidente del\u00a0<strong>Grupo Zed<\/strong>) y\u00a0<strong>Robert Nicol (<\/strong>Director de Secuenciaci\u00f3n Gen\u00e9tica\u00a0Broad Institute de <strong>MIT<\/strong> y <strong>Harvard<\/strong>), entre otros.<\/p>\n<p>Por primera vez este encuentro, que se celebra desde hace 12 a\u00f1os en <strong>Boston<\/strong>, tiene una r\u00e9plica en Europa: <strong>EmTech Spain<\/strong>. Habr\u00e1 que aprovecharlo.<\/p>\n<p><span style=\"color: #000000;\"><strong>Los precios de Emtech 2011<\/strong><\/span><\/p>\n<p><span style=\"color: black;\">Puedes realizar las inscripcione<span style=\"color: #000000;\">s en <strong><a href=\"http:\/\/www.ticketea.com\/emtechspain2011\/custom?lang=es_es\" target=\"_blank\" rel=\"external nofollow\"><span style=\"color: #000000;\">ticketea.com<\/span><\/a><\/strong>.\u00a0\u00a0400 euros nada menos. Pero si eres estudiante universitario, puedes ponerte en contacto con la organizaci\u00f3n en\u00a0<a href=\"mailto:emtech.spain@technologyreview.com\"><span style=\"color: #000000;\"><em>emtech.spain@technologyreview.com<\/em><\/span><\/a>\u00a0y recibir<\/span>\u00e1s un <strong>c\u00f3digo descuento<\/strong> para validar tu entrada a Emtech Spain 2011 por s\u00f3lo 150 euros.<\/span><\/p>\n","protected":false},"excerpt":{"rendered":"<p>Por fin llega a M\u00e1laga EmTech. \u00a0EmTech no es una conferencia m\u00e1s, el lugar en el que convergen tecnolog\u00eda, negocios y cultura. \u00a1A ver si es verdad que esta es la conferencia definitiva! Su nombre viene de &#8216;tecnolog\u00edas emergentes&#8216; \u00a0y cita a personas innovadoras de todo el mundo en el Palacio de Ferias y Congresos [&hellip;]<\/p>\n","protected":false},"author":7,"featured_media":0,"comment_status":"open","ping_status":"closed","sticky":false,"template":"","format":"standard","meta":[],"categories":[5,7,8],"tags":[107,148,244,281,471,483,498],"_links":{"self":[{"href":"https:\/\/blogs.diariosur.es\/soyfriki\/wp-json\/wp\/v2\/posts\/439"}],"collection":[{"href":"https:\/\/blogs.diariosur.es\/soyfriki\/wp-json\/wp\/v2\/posts"}],"about":[{"href":"https:\/\/blogs.diariosur.es\/soyfriki\/wp-json\/wp\/v2\/types\/post"}],"author":[{"embeddable":true,"href":"https:\/\/blogs.diariosur.es\/soyfriki\/wp-json\/wp\/v2\/users\/7"}],"replies":[{"embeddable":true,"href":"https:\/\/blogs.diariosur.es\/soyfriki\/wp-json\/wp\/v2\/comments?post=439"}],"version-history":[{"count":0,"href":"https:\/\/blogs.diariosur.es\/soyfriki\/wp-json\/wp\/v2\/posts\/439\/revisions"}],"wp:attachment":[{"href":"https:\/\/blogs.diariosur.es\/soyfriki\/wp-json\/wp\/v2\/media?parent=439"}],"wp:term":[{"taxonomy":"category","embeddable":true,"href":"https:\/\/blogs.diariosur.es\/soyfriki\/wp-json\/wp\/v2\/categories?post=439"},{"taxonomy":"post_tag","embeddable":true,"href":"https:\/\/blogs.diariosur.es\/soyfriki\/wp-json\/wp\/v2\/tags?post=439"}],"curies":[{"name":"wp","href":"https:\/\/api.w.org\/{rel}","templated":true}]}}