{"id":44,"date":"2009-06-01T18:35:00","date_gmt":"2009-06-01T18:35:00","guid":{"rendered":"http:\/\/blogs.diariosur.es\/tuenti-facebook\/?p=44"},"modified":"2009-06-01T18:35:00","modified_gmt":"2009-06-01T18:35:00","slug":"un-espanol-hace-mejor-foto-wikipedia-2008","status":"publish","type":"post","link":"https:\/\/blogs.diariosur.es\/soyfriki\/2009\/06\/01\/un-espanol-hace-mejor-foto-wikipedia-2008\/","title":{"rendered":"Un espa\u00f1ol hace la mejor foto de libre Wikipedia en 2008"},"content":{"rendered":"<p><IMG class=\"imgdcha\" src=\"\/\/sustatu.com\/1241432977\/Bianditz_eta_zaldiakS.jpg\" id=\"img_0\" width=\"301\" height=\"208\">Una imagen tomada por <A href=\"http:\/\/www.flickr.com\/people\/58922703@N00\" title=\"http:\/\/www.flickr.com\/people\/58922703@N00\" id=\"link_0\">Mikel Ortega Mendibil (31 a\u00f1os y de Guipuzkoa)<\/a>  ha sido elegida la <A href=\"http:\/\/commons.wikimedia.org\/wiki\/Commons:Picture_of_the_Year\/2008\/Results\/Round_2\/List\" title=\"http:\/\/commons.wikimedia.org\/wiki\/Commons:Picture_of_the_Year\/2008\/Results\/Round_2\/List\" id=\"link_1\">mejor foto libre de la Wikipedia de 2008<\/a>  en una votaci\u00f3n realizada entre los editores de la enciclopedia.<\/p>\n<p>En la foto ganadora ven dos caballos en el monte Bianditz y de fondo el pico de Aiako Harria.<\/p>\n<p>El joven de Errenteria subi\u00f3 la imagen a Flickr con licencia Creative Commons, que permite su libre uso y distribuci\u00f3n siempre y cuando se cite a su creador, y alguien la colg\u00f3 despu\u00e9s en la Wikipedia.<\/p>\n<p>Ahora, el \u00e9xito le ha venido de improviso. &#8220;Yo no he promocionado la foto&#8221;, se asombra. La foto ha sido retocada por un usuario alem\u00e1n, Richard Bartz, que elimin\u00f3 a un caballo que se ve\u00eda al fondo (<A href=\"http:\/\/www.flickr.com\/photos\/mikelo\/265187974\/\" title=\"http:\/\/www.flickr.com\/photos\/mikelo\/265187974\/\" id=\"link_2\">ver imagen original<\/a>).<\/p>\n<p><strong>Publicado por<\/strong> <A href=\"http:\/\/www.eitb.com\/noticias\/tecnologia\/detalle\/160231\/una-foto-vasco-elegida-mejor-2008-wikipedia\/\" title=\"http:\/\/www.eitb.com\/noticias\/tecnologia\/detalle\/160231\/una-foto-vasco-elegida-mejor-2008-wikipedia\/\" id=\"link_3\">eitb.com<\/a>  <\/p>\n","protected":false},"excerpt":{"rendered":"<p>Una imagen tomada por Mikel Ortega Mendibil (31 a\u00f1os y de Guipuzkoa) ha sido elegida la mejor foto libre de la Wikipedia de 2008 en una votaci\u00f3n realizada entre los editores de la enciclopedia. En la foto ganadora ven dos caballos en el monte Bianditz y de fondo el pico de Aiako Harria. El joven [&hellip;]<\/p>\n","protected":false},"author":7,"featured_media":0,"comment_status":"open","ping_status":"closed","sticky":false,"template":"","format":"standard","meta":[],"categories":[9],"tags":[518],"_links":{"self":[{"href":"https:\/\/blogs.diariosur.es\/soyfriki\/wp-json\/wp\/v2\/posts\/44"}],"collection":[{"href":"https:\/\/blogs.diariosur.es\/soyfriki\/wp-json\/wp\/v2\/posts"}],"about":[{"href":"https:\/\/blogs.diariosur.es\/soyfriki\/wp-json\/wp\/v2\/types\/post"}],"author":[{"embeddable":true,"href":"https:\/\/blogs.diariosur.es\/soyfriki\/wp-json\/wp\/v2\/users\/7"}],"replies":[{"embeddable":true,"href":"https:\/\/blogs.diariosur.es\/soyfriki\/wp-json\/wp\/v2\/comments?post=44"}],"version-history":[{"count":0,"href":"https:\/\/blogs.diariosur.es\/soyfriki\/wp-json\/wp\/v2\/posts\/44\/revisions"}],"wp:attachment":[{"href":"https:\/\/blogs.diariosur.es\/soyfriki\/wp-json\/wp\/v2\/media?parent=44"}],"wp:term":[{"taxonomy":"category","embeddable":true,"href":"https:\/\/blogs.diariosur.es\/soyfriki\/wp-json\/wp\/v2\/categories?post=44"},{"taxonomy":"post_tag","embeddable":true,"href":"https:\/\/blogs.diariosur.es\/soyfriki\/wp-json\/wp\/v2\/tags?post=44"}],"curies":[{"name":"wp","href":"https:\/\/api.w.org\/{rel}","templated":true}]}}