{"id":441,"date":"2011-10-28T08:28:19","date_gmt":"2011-10-28T07:28:19","guid":{"rendered":"http:\/\/blogs.diariosur.es\/tuenti-facebook\/?p=441"},"modified":"2011-10-28T08:28:19","modified_gmt":"2011-10-28T07:28:19","slug":"100-social-media-lo-ultimo-de-lo-ultimo-en-redes-sociales-en-malaga","status":"publish","type":"post","link":"https:\/\/blogs.diariosur.es\/soyfriki\/2011\/10\/28\/100-social-media-lo-ultimo-de-lo-ultimo-en-redes-sociales-en-malaga\/","title":{"rendered":"100% Social Media &#8211; Lo \u00faltimo de lo \u00faltimo en redes sociales en M\u00e1laga"},"content":{"rendered":"<p>Lo llaman lo \u00faltimo del m\u00e1rketing en <strong>redes sociales<\/strong>. Tambi\u00e9n viene con la marca <strong>100% Social Media<\/strong>. Pero lo cierto es que llega un evento el pr\u00f3ximo <strong>3 y 4 de noviembre a M\u00e1laga<\/strong> que pretende juntar lo mejor de cada casa en <strong>La Caja Blanca <\/strong>(Avd. Editor \u00c1ngel Caffarena, 8).<!--more--><\/p>\n<p><strong>Social Location M\u00e1rketing<\/strong>, monitorizaci\u00f3n y <strong>anal\u00edtica 2.0<\/strong>, <strong>trolls<\/strong> y <strong>reputaci\u00f3n<\/strong> de marca y los <strong>planes de crisis<\/strong> en <strong>Social Media<\/strong> son algunos de los temas m\u00e1s interesantes que te vas a encontrar en este<strong><span style=\"color: #000000;\"> <a href=\"http:\/\/100socialmedia.com\/\" target=\"_blank\" rel=\"external nofollow\"><span style=\"color: #000000;\">100% Social Media<\/span><\/a>.<\/span><\/strong><\/p>\n<p>Lo bueno es que hay tantos ponentes, que seguro que alguno te gusta. Figuras de relumbr\u00f3n como:<\/p>\n<ul>\n<li><span style=\"color: #000000;\"><strong>Juan Merodio (<a href=\"http:\/\/twitter.com\/juanmerodio\" target=\"_blank\" rel=\"external nofollow\"><span style=\"color: #000000;\">@juanmerodio<\/span><\/a>)\u00a0<\/strong>esfundador del Grupo Ellas y socio-fundador de la Agencia de Social Media Marketing Surfers.<br \/>\n<\/span><\/li>\n<li><span style=\"color: #000000;\"><strong>Antonio Ortiz (<a title=\"Antonio Ortiz\" href=\"http:\/\/twitter.com\/antonello\" target=\"_blank\" rel=\"external nofollow\"><span style=\"color: #000000;\">@antonello<\/span><\/a>)<\/strong>\u00a0es co-fundador de Weblogs SL (2004).<\/span><\/li>\n<\/ul>\n<p><span style=\"color: #000000;\">Y mis ojitos derechos, productos de la tierra (o apadrinados):<\/span><\/p>\n<ul>\n<li><span style=\"color: #000000;\"><strong>Alejandro Blocdeesbozos (<a title=\"Alejandro Blocdeesbozos\" href=\"http:\/\/twitter.com\/blocdeesbozos\" target=\"_blank\" rel=\"external nofollow\"><span style=\"color: #000000;\">@blocdeesbozos<\/span><\/a>)<\/strong>: Co-fundador de la agencia de comunicaci\u00f3n Socialymedio.<br \/>\n<\/span><\/li>\n<li><span style=\"color: #000000;\"><strong>Javier Cerezo (<a title=\"Javier Cerezo\" href=\"http:\/\/twitter.com\/javiercerezo\" target=\"_blank\" rel=\"external nofollow\"><span style=\"color: #000000;\">@javiercerezo<\/span><\/a>)<\/strong>:\u00a0Autor de blogs y proyectos como Ideacreativa (la cocina creativa) y la Publiteca, y miembro de El Cuartel.<br \/>\n<\/span><\/li>\n<li><span style=\"color: #000000;\"><strong>Arturo Mor\u00e1n\u00a0<strong>(<\/strong><a title=\"Arturo Mor\u00e1n\" href=\"http:\/\/twitter.com\/seomongini\" target=\"_blank\" rel=\"external nofollow\"><span style=\"color: #000000;\">@seomongini<\/span><\/a>):<\/strong>\u00a0Director Comercial de Mongini, responsable de la Anal\u00edtica Web, Blog, SEM.<br \/>\n<\/span><\/li>\n<li><span style=\"color: #000000;\"><strong>Boris Soler (<a title=\"Boris Soler\" href=\"http:\/\/twitter.com\/borissoler\" target=\"_blank\" rel=\"external nofollow\"><span style=\"color: #000000;\">@borissoler<\/span><\/a>)<\/strong>: \u00a0Director art\u00edstico de Bs Hair Studio y creador de la Firma Boris Soler.<\/span><\/li>\n<\/ul>\n<div>\u00bf<span style=\"color: #000000;\">La <a href=\"http:\/\/100socialmedia.com\/inscripcion\" target=\"_blank\" rel=\"external nofollow\"><span style=\"color: #000000;\">inscripci\u00f3n<\/span><\/a>? Ba<\/span>rato. <strong>\u00a135 euros!<\/strong> Para todo lo que vas a escuchar all\u00ed. <strong>\u00a1Toma nota!<\/strong><\/div>\n<div><img loading=\"lazy\" class=\"aligncenter\" src=\"\/\/www.100socialmedia.com\/programa.png\" alt=\"\" width=\"597\" height=\"750\" \/><\/div>\n","protected":false},"excerpt":{"rendered":"<p>Lo llaman lo \u00faltimo del m\u00e1rketing en redes sociales. Tambi\u00e9n viene con la marca 100% Social Media. Pero lo cierto es que llega un evento el pr\u00f3ximo 3 y 4 de noviembre a M\u00e1laga que pretende juntar lo mejor de cada casa en La Caja Blanca (Avd. Editor \u00c1ngel Caffarena, 8).<\/p>\n","protected":false},"author":7,"featured_media":0,"comment_status":"open","ping_status":"closed","sticky":false,"template":"","format":"standard","meta":[],"categories":[9],"tags":[],"_links":{"self":[{"href":"https:\/\/blogs.diariosur.es\/soyfriki\/wp-json\/wp\/v2\/posts\/441"}],"collection":[{"href":"https:\/\/blogs.diariosur.es\/soyfriki\/wp-json\/wp\/v2\/posts"}],"about":[{"href":"https:\/\/blogs.diariosur.es\/soyfriki\/wp-json\/wp\/v2\/types\/post"}],"author":[{"embeddable":true,"href":"https:\/\/blogs.diariosur.es\/soyfriki\/wp-json\/wp\/v2\/users\/7"}],"replies":[{"embeddable":true,"href":"https:\/\/blogs.diariosur.es\/soyfriki\/wp-json\/wp\/v2\/comments?post=441"}],"version-history":[{"count":0,"href":"https:\/\/blogs.diariosur.es\/soyfriki\/wp-json\/wp\/v2\/posts\/441\/revisions"}],"wp:attachment":[{"href":"https:\/\/blogs.diariosur.es\/soyfriki\/wp-json\/wp\/v2\/media?parent=441"}],"wp:term":[{"taxonomy":"category","embeddable":true,"href":"https:\/\/blogs.diariosur.es\/soyfriki\/wp-json\/wp\/v2\/categories?post=441"},{"taxonomy":"post_tag","embeddable":true,"href":"https:\/\/blogs.diariosur.es\/soyfriki\/wp-json\/wp\/v2\/tags?post=441"}],"curies":[{"name":"wp","href":"https:\/\/api.w.org\/{rel}","templated":true}]}}