{"id":444,"date":"2011-10-25T12:22:21","date_gmt":"2011-10-25T11:22:21","guid":{"rendered":"http:\/\/blogs.diariosur.es\/tuenti-facebook\/?p=444"},"modified":"2011-10-25T12:22:21","modified_gmt":"2011-10-25T11:22:21","slug":"sumatealcambio-el-lema-de-campana-del-pp-para-el-20n-triunfa-en-twitter","status":"publish","type":"post","link":"https:\/\/blogs.diariosur.es\/soyfriki\/2011\/10\/25\/sumatealcambio-el-lema-de-campana-del-pp-para-el-20n-triunfa-en-twitter\/","title":{"rendered":"#Sumatealcambio, el lema de campa\u00f1a del PP para el #20N, triunfa en Twitter"},"content":{"rendered":"<p>La secretaria de Organizaci\u00f3n del <strong>PP<\/strong> y directora de la campa\u00f1a electoral para el <strong>20-N<\/strong>, <strong>Ana Mato<\/strong>, ha presentado el lema de campa\u00f1a. \u00a0<strong>S\u00famate al cambio, traducido a <a title=\"#sumatealcambio\" href=\"https:\/\/twitter.com\/#!\/search?q=%23sumatealcambio\" rel=\"nofollow external\"><s>#<\/s><strong>sumatealcambio<\/strong><\/a><\/strong>\u00a0me ha sorprendido porque en poco m\u00e1s de una hora se ha convertido en <strong>Trending Topic<\/strong> <strong>Mundial<\/strong>, ocupando el tercer puesto de <strong>Twitter<\/strong>.<img title=\"M\u00e1s...\" src=\"\/soyfriki\/wp-content\/uploads\/sites\/14\" alt=\"\" \/><\/p>\n<p><!--more--><a href=\"\/soyfriki\/wp-content\/uploads\/sites\/14\/2011\/10\/trendd.png\"><img loading=\"lazy\" class=\"alignright size-full wp-image-446\" title=\"trendd\" src=\"\/soyfriki\/wp-content\/uploads\/sites\/14\/2011\/10\/trendd.png\" alt=\"\" width=\"233\" height=\"206\" \/><\/a>El <strong>PP<\/strong> tendr\u00e1 otros <strong>seis lemas<\/strong> entorno a &#8220;los seis ejes&#8221; de la campa\u00f1a conservadora. De hecho, han tardado poco en criticar el lema del\u00a0PSOE, <strong><a title=\"#PeleaPorLoQueQuieres\" href=\"https:\/\/twitter.com\/#!\/search?q=%23PeleaPorLoQueQuieres\" rel=\"nofollow external\"><s>#<\/s><strong><strong>PeleaPorLoQueQuieres<\/strong><\/strong><\/a><\/strong>, por ser de &#8220;confrontaci\u00f3n&#8221;. De hecho <a href=\"https:\/\/twitter.com\/#!\/PPopular\" target=\"_blank\" rel=\"external nofollow\">@PPopular<\/a>\u00a0ha tuiteado: \u00a0<em>&#8220;\u00bfPor qu\u00e9 sumarse al cambio?\u00a0<a title=\"#sumatealcambio\" href=\"https:\/\/twitter.com\/#!\/search?q=%23sumatealcambio\" rel=\"nofollow external\"><s>#<\/s><strong>sumatealcambio<\/strong><\/a>\u00a0<a title=\"#mejorsumarquepelear\" href=\"https:\/\/twitter.com\/#!\/search?q=%23mejorsumarquepelear\" rel=\"nofollow external\"><s>#<\/s><strong>mejorsumarquepelear<\/strong><\/a>&#8220;<\/em>, en clara alusi\u00f3n al lema de<strong> <a title=\"Con Rubalcaba\" href=\"https:\/\/twitter.com\/#!\/conRubalcaba\" data-user-id=\"304287573\" rel=\"external nofollow\">@conRubalcaba<\/a>\u00a0<\/strong><\/p>\n<p>No tengo ni idea de lo que pasar\u00e1 el <strong>#20N<\/strong>, pero el ansia de <strong><a title=\"#sumatealcambio\" href=\"https:\/\/twitter.com\/#!\/search?q=%23sumatealcambio\" rel=\"nofollow external\"><s>#<\/s><strong>sumatealcambio<\/strong><\/a><\/strong> hoy ha ganado por mayor\u00eda. Y a\u00f1ado como puntualizaci\u00f3n que nunca creo en los<strong> Trending Topics<\/strong> a pies juntillas, me f\u00edo m\u00e1s de los <strong>RT<\/strong>. <a href=\"https:\/\/twitter.com\/#!\/PPopular\" target=\"_blank\" rel=\"external nofollow\">@PPopular<\/a> con su tweet, ha superado los 100, pero poco m\u00e1s. \u00bfMucho? \u00bfPoco? Que cada uno juzgue.<\/p>\n<p><a href=\"\/soyfriki\/wp-content\/uploads\/sites\/14\/2011\/10\/sumatealcambio.png\"><img loading=\"lazy\" class=\"aligncenter size-full wp-image-447\" title=\"sumatealcambio\" src=\"\/soyfriki\/wp-content\/uploads\/sites\/14\/2011\/10\/sumatealcambio.png\" alt=\"\" width=\"372\" height=\"265\" srcset=\"https:\/\/static-blogs.diariosur.es\/wp-content\/uploads\/sites\/14\/2011\/10\/sumatealcambio.png 372w, https:\/\/static-blogs.diariosur.es\/wp-content\/uploads\/sites\/14\/2011\/10\/sumatealcambio-300x214.png 300w\" sizes=\"(max-width: 372px) 100vw, 372px\" \/><\/a><\/p>\n","protected":false},"excerpt":{"rendered":"<p>La secretaria de Organizaci\u00f3n del PP y directora de la campa\u00f1a electoral para el 20-N, Ana Mato, ha presentado el lema de campa\u00f1a. \u00a0S\u00famate al cambio, traducido a #sumatealcambio\u00a0me ha sorprendido porque en poco m\u00e1s de una hora se ha convertido en Trending Topic Mundial, ocupando el tercer puesto de Twitter.<\/p>\n","protected":false},"author":7,"featured_media":0,"comment_status":"open","ping_status":"closed","sticky":false,"template":"","format":"standard","meta":[],"categories":[8],"tags":[],"_links":{"self":[{"href":"https:\/\/blogs.diariosur.es\/soyfriki\/wp-json\/wp\/v2\/posts\/444"}],"collection":[{"href":"https:\/\/blogs.diariosur.es\/soyfriki\/wp-json\/wp\/v2\/posts"}],"about":[{"href":"https:\/\/blogs.diariosur.es\/soyfriki\/wp-json\/wp\/v2\/types\/post"}],"author":[{"embeddable":true,"href":"https:\/\/blogs.diariosur.es\/soyfriki\/wp-json\/wp\/v2\/users\/7"}],"replies":[{"embeddable":true,"href":"https:\/\/blogs.diariosur.es\/soyfriki\/wp-json\/wp\/v2\/comments?post=444"}],"version-history":[{"count":0,"href":"https:\/\/blogs.diariosur.es\/soyfriki\/wp-json\/wp\/v2\/posts\/444\/revisions"}],"wp:attachment":[{"href":"https:\/\/blogs.diariosur.es\/soyfriki\/wp-json\/wp\/v2\/media?parent=444"}],"wp:term":[{"taxonomy":"category","embeddable":true,"href":"https:\/\/blogs.diariosur.es\/soyfriki\/wp-json\/wp\/v2\/categories?post=444"},{"taxonomy":"post_tag","embeddable":true,"href":"https:\/\/blogs.diariosur.es\/soyfriki\/wp-json\/wp\/v2\/tags?post=444"}],"curies":[{"name":"wp","href":"https:\/\/api.w.org\/{rel}","templated":true}]}}