{"id":449,"date":"2011-10-25T18:39:41","date_gmt":"2011-10-25T17:39:41","guid":{"rendered":"http:\/\/blogs.diariosur.es\/tuenti-facebook\/?p=449"},"modified":"2011-10-25T18:39:41","modified_gmt":"2011-10-25T17:39:41","slug":"vendo-boli-bic-y-regalo-entrada-ahora-en-facebook","status":"publish","type":"post","link":"https:\/\/blogs.diariosur.es\/soyfriki\/2011\/10\/25\/vendo-boli-bic-y-regalo-entrada-ahora-en-facebook\/","title":{"rendered":"Vendo boli bic y regalo entrada, ahora en Facebook"},"content":{"rendered":"<p>&#8220;<strong>Vendo boli bic y regalo entrada para el concierto de Amaral en M\u00e1laga<\/strong>&#8220;. Es un gran cl\u00e1sico de los foros de Internet, que regresa ahora convertido en evento de <strong>Facebook<\/strong>.<!--more-->Esto se le\u00eda en el grupo: <em>&#8220;Vendo boli bic y regalo entrada para el concierto de Amaral en M\u00e1laga\u00a0del d\u00eda 29 de octubre en la Sala Par\u00eds 15 en M\u00e1laga.\u00a0Precio negociable babys.\u00a0Ah\u00ed queda la cosa ;).\u00a0Privado&#8221;.<\/em><\/p>\n<div id=\"attachment_450\" style=\"width: 670px\" class=\"wp-caption aligncenter\"><a href=\"\/soyfriki\/wp-content\/uploads\/sites\/14\/2011\/10\/vendo-boli-bic.jpg\"><img aria-describedby=\"caption-attachment-450\" loading=\"lazy\" class=\"size-full wp-image-450\" title=\"vendo-boli-bic\" src=\"\/soyfriki\/wp-content\/uploads\/sites\/14\/2011\/10\/vendo-boli-bic.jpg\" alt=\"vendo-boli-bic\" width=\"660\" height=\"355\" srcset=\"https:\/\/static-blogs.diariosur.es\/wp-content\/uploads\/sites\/14\/2011\/10\/vendo-boli-bic.jpg 660w, https:\/\/static-blogs.diariosur.es\/wp-content\/uploads\/sites\/14\/2011\/10\/vendo-boli-bic-300x161.jpg 300w\" sizes=\"(max-width: 660px) 100vw, 660px\" \/><\/a><p id=\"caption-attachment-450\" class=\"wp-caption-text\">Este es el evento de &#39;vendo boli bic y regalo entrada&#39;, he sido bueno y he borrado a los implicados.<\/p><\/div>\n<p>Era s\u00f3lo un apunte, porque me ha hecho gracia ver este cl\u00e1sico de los foros ahora llevado a <strong>Facebook<\/strong>. Si hac\u00e9is una b\u00fasqueda por <strong>Twitter<\/strong>, tambi\u00e9n lo vais a encontrar, porque hay se\u00f1ores que por ejemplo hoy anuncian. <em>&#8220;Vendo boli bic y regalo de 2 entradas en preferente para el Granada-Bar\u00e7a&#8221;<\/em>. Cl\u00e1sicos que nunca pasan de moda.<\/p>\n","protected":false},"excerpt":{"rendered":"<p>&#8220;Vendo boli bic y regalo entrada para el concierto de Amaral en M\u00e1laga&#8220;. Es un gran cl\u00e1sico de los foros de Internet, que regresa ahora convertido en evento de Facebook.<\/p>\n","protected":false},"author":7,"featured_media":0,"comment_status":"open","ping_status":"closed","sticky":false,"template":"","format":"standard","meta":[],"categories":[14,10,11],"tags":[165,483],"_links":{"self":[{"href":"https:\/\/blogs.diariosur.es\/soyfriki\/wp-json\/wp\/v2\/posts\/449"}],"collection":[{"href":"https:\/\/blogs.diariosur.es\/soyfriki\/wp-json\/wp\/v2\/posts"}],"about":[{"href":"https:\/\/blogs.diariosur.es\/soyfriki\/wp-json\/wp\/v2\/types\/post"}],"author":[{"embeddable":true,"href":"https:\/\/blogs.diariosur.es\/soyfriki\/wp-json\/wp\/v2\/users\/7"}],"replies":[{"embeddable":true,"href":"https:\/\/blogs.diariosur.es\/soyfriki\/wp-json\/wp\/v2\/comments?post=449"}],"version-history":[{"count":0,"href":"https:\/\/blogs.diariosur.es\/soyfriki\/wp-json\/wp\/v2\/posts\/449\/revisions"}],"wp:attachment":[{"href":"https:\/\/blogs.diariosur.es\/soyfriki\/wp-json\/wp\/v2\/media?parent=449"}],"wp:term":[{"taxonomy":"category","embeddable":true,"href":"https:\/\/blogs.diariosur.es\/soyfriki\/wp-json\/wp\/v2\/categories?post=449"},{"taxonomy":"post_tag","embeddable":true,"href":"https:\/\/blogs.diariosur.es\/soyfriki\/wp-json\/wp\/v2\/tags?post=449"}],"curies":[{"name":"wp","href":"https:\/\/api.w.org\/{rel}","templated":true}]}}