{"id":451,"date":"2011-10-27T18:23:49","date_gmt":"2011-10-27T17:23:49","guid":{"rendered":"http:\/\/blogs.diariosur.es\/tuenti-facebook\/?p=451"},"modified":"2011-10-27T18:23:49","modified_gmt":"2011-10-27T17:23:49","slug":"yo-sobrevivi-a-la-inauguracion-de-primark-malaga","status":"publish","type":"post","link":"https:\/\/blogs.diariosur.es\/soyfriki\/2011\/10\/27\/yo-sobrevivi-a-la-inauguracion-de-primark-malaga\/","title":{"rendered":"&#039;Yo sobreviv\u00ed a la inauguraci\u00f3n de Primark M\u00e1laga&#039;"},"content":{"rendered":"<p><span style=\"color: #000000;\">Gente a favor y gente en contra. No, no es la \u00faltima reforma constitucional, ni la condonaci\u00f3n de la deuda a Grecia. Es la <strong><a href=\"http:\/\/blogs.diariosur.es\/gracias-a-dior\/2011\/10\/26\/ya-ha-abierto-primark-en-malaga\/\" target=\"_blank\"><span style=\"color: #000000;\">inauguraci\u00f3n de Primark M\u00e1laga<\/span><\/a><\/strong>. Te encontrar\u00e1s a gente <a href=\"https:\/\/twitter.com\/#!\/search\/%23muyfan\" target=\"_blank\" rel=\"external nofollow\"><span style=\"color: #000000;\">#muyfan <\/span><\/a>-como se dice por aqu\u00ed por<a href=\"http:\/\/twitter.com\" target=\"_blank\" rel=\"external nofollow\"><span style=\"color: #000000;\">Twitter<\/span><\/a>&#8211; y gente que ha dado rienda suelta a su creatividad en 140 caracteres.<\/span><\/p>\n<p><span style=\"color: #000000;\"><a href=\"\/soyfriki\/wp-content\/uploads\/sites\/14\/2011\/10\/primark-agonia.jpg\"><span style=\"color: #000000;\"><img loading=\"lazy\" class=\"aligncenter size-full wp-image-452\" title=\"primark-malaga-agonia\" src=\"\/soyfriki\/wp-content\/uploads\/sites\/14\/2011\/10\/primark-agonia.jpg\" alt=\"primark-malaga-agonia\" width=\"535\" height=\"83\" srcset=\"https:\/\/static-blogs.diariosur.es\/wp-content\/uploads\/sites\/14\/2011\/10\/primark-agonia.jpg 535w, https:\/\/static-blogs.diariosur.es\/wp-content\/uploads\/sites\/14\/2011\/10\/primark-agonia-300x47.jpg 300w\" sizes=\"(max-width: 535px) 100vw, 535px\" \/><\/span><\/a><a href=\"\/soyfriki\/wp-content\/uploads\/sites\/14\/2011\/10\/primark-apocalipsis.jpg\"><span style=\"color: #000000;\"><img loading=\"lazy\" class=\"aligncenter size-full wp-image-453\" title=\"primark-malaga-apocalipsis\" src=\"\/soyfriki\/wp-content\/uploads\/sites\/14\/2011\/10\/primark-apocalipsis.jpg\" alt=\"primark-malaga-apocalipsis\" width=\"527\" height=\"103\" srcset=\"https:\/\/static-blogs.diariosur.es\/wp-content\/uploads\/sites\/14\/2011\/10\/primark-apocalipsis.jpg 527w, https:\/\/static-blogs.diariosur.es\/wp-content\/uploads\/sites\/14\/2011\/10\/primark-apocalipsis-300x59.jpg 300w\" sizes=\"(max-width: 527px) 100vw, 527px\" \/><\/span><\/a><\/span><\/p>\n<p><span style=\"color: #000000;\"><a href=\"\/soyfriki\/wp-content\/uploads\/sites\/14\/2011\/10\/primark-manifestarse.jpg\"><span style=\"color: #000000;\"><img loading=\"lazy\" class=\"aligncenter size-full wp-image-454\" title=\"primark-malaga-manifestarse\" src=\"\/soyfriki\/wp-content\/uploads\/sites\/14\/2011\/10\/primark-manifestarse.jpg\" alt=\"primark-malaga-manifestarse\" width=\"528\" height=\"102\" srcset=\"https:\/\/static-blogs.diariosur.es\/wp-content\/uploads\/sites\/14\/2011\/10\/primark-manifestarse.jpg 528w, https:\/\/static-blogs.diariosur.es\/wp-content\/uploads\/sites\/14\/2011\/10\/primark-manifestarse-300x58.jpg 300w\" sizes=\"(max-width: 528px) 100vw, 528px\" \/><\/span><\/a><a href=\"\/soyfriki\/wp-content\/uploads\/sites\/14\/2011\/10\/primark-merdellonas.jpg\"><span style=\"color: #000000;\"><img loading=\"lazy\" class=\"aligncenter size-full wp-image-455\" title=\"primark-malaga-merdellonas\" src=\"\/soyfriki\/wp-content\/uploads\/sites\/14\/2011\/10\/primark-merdellonas.jpg\" alt=\"primark-malaga-merdellonas\" width=\"527\" height=\"82\" srcset=\"https:\/\/static-blogs.diariosur.es\/wp-content\/uploads\/sites\/14\/2011\/10\/primark-merdellonas.jpg 527w, https:\/\/static-blogs.diariosur.es\/wp-content\/uploads\/sites\/14\/2011\/10\/primark-merdellonas-300x47.jpg 300w\" sizes=\"(max-width: 527px) 100vw, 527px\" \/><\/span><\/a><\/span><\/p>\n<p><span style=\"color: #000000;\">Pero la que m\u00e1s me ha gustado ha sido la iniciativa de<strong> Isa SweetFool<\/strong>, <strong><a href=\"https:\/\/twitter.com\/#!\/PinkPapermoon\" target=\"_blank\" rel=\"external nofollow\"><span style=\"color: #000000;\">@PinkPapermoon<\/span><\/a><\/strong>, que propone crear un grupo <\/span>de <a href=\"http:\/\/facebook.com\" target=\"_blank\" rel=\"external nofollow\">Facebook <\/a>llam<span style=\"color: #000000;\">ado <strong><span style=\"text-decoration: underline;\">&#8220;Yo sobreviv\u00ed a la <a href=\"http:\/\/blogs.diariosur.es\/gracias-a-dior\/2011\/10\/26\/ya-ha-abierto-primark-en-malaga\/\" target=\"_blank\"><span style=\"color: #000000; text-decoration: underline;\">inauguraci\u00f3n del Primark de M\u00e1laga<\/span><\/a>&#8220;.<\/span><\/strong> No est\u00e1 nada mal la iniciativa.<\/span><\/p>\n<p><span style=\"color: #000000;\"><a href=\"\/soyfriki\/wp-content\/uploads\/sites\/14\/2011\/10\/primark-malaga.jpg\"><span style=\"color: #000000;\"><img loading=\"lazy\" class=\"aligncenter size-full wp-image-456\" title=\"primark-malaga\" src=\"\/soyfriki\/wp-content\/uploads\/sites\/14\/2011\/10\/primark-malaga.jpg\" alt=\"primark-malaga\" width=\"524\" height=\"235\" srcset=\"https:\/\/static-blogs.diariosur.es\/wp-content\/uploads\/sites\/14\/2011\/10\/primark-malaga.jpg 524w, https:\/\/static-blogs.diariosur.es\/wp-content\/uploads\/sites\/14\/2011\/10\/primark-malaga-300x135.jpg 300w\" sizes=\"(max-width: 524px) 100vw, 524px\" \/><\/span><\/a><\/span><\/p>\n<p>&nbsp;<\/p>\n<p><span style=\"color: #000000;\">A tenor de lo visto en algunos v\u00eddeos que andan por Youtube, como el que ha dejado\u00a0<strong><a id=\"watch-username\" href=\"http:\/\/www.youtube.com\/user\/piripiscui\" rel=\"author external nofollow\"><span style=\"color: #000000;\"><strong>piripiscui<\/strong><\/span><\/a><\/strong>. Mucha gente en la <a href=\"http:\/\/blogs.diariosur.es\/gracias-a-dior\/2011\/10\/26\/ya-ha-abierto-primark-en-malaga\/\" target=\"_blank\"><span style=\"color: #000000;\"><strong>inauguraci\u00f3n de<\/strong> <strong>Primark M\u00e1laga<\/strong><\/span><\/a>&#8230;<\/span><\/p>\n<p><object width=\"660\" height=\"477\" classid=\"clsid:d27cdb6e-ae6d-11cf-96b8-444553540000\" codebase=\"http:\/\/download.macromedia.com\/pub\/shockwave\/cabs\/flash\/swflash.cab#version=6,0,40,0\"><param name=\"allowFullScreen\" value=\"true\" \/><param name=\"allowscriptaccess\" value=\"always\" \/><param name=\"src\" value=\"http:\/\/www.youtube.com\/v\/SXByqVMGAPA?version=3&#038;hl=es_ES&#038;rel=0\" \/><param name=\"allowfullscreen\" value=\"true\" \/><embed width=\"660\" height=\"477\" type=\"application\/x-shockwave-flash\" src=\"\/\/www.youtube.com\/v\/SXByqVMGAPA?version=3&#038;hl=es_ES&#038;rel=0\" allowFullScreen=\"true\" allowscriptaccess=\"always\" allowfullscreen=\"true\" \/><\/object><\/p>\n","protected":false},"excerpt":{"rendered":"<p>Gente a favor y gente en contra. No, no es la \u00faltima reforma constitucional, ni la condonaci\u00f3n de la deuda a Grecia. Es la inauguraci\u00f3n de Primark M\u00e1laga. Te encontrar\u00e1s a gente #muyfan -como se dice por aqu\u00ed porTwitter&#8211; y gente que ha dado rienda suelta a su creatividad en 140 caracteres. Pero la que [&hellip;]<\/p>\n","protected":false},"author":7,"featured_media":0,"comment_status":"open","ping_status":"closed","sticky":false,"template":"","format":"standard","meta":[],"categories":[8],"tags":[281,371,483,529],"_links":{"self":[{"href":"https:\/\/blogs.diariosur.es\/soyfriki\/wp-json\/wp\/v2\/posts\/451"}],"collection":[{"href":"https:\/\/blogs.diariosur.es\/soyfriki\/wp-json\/wp\/v2\/posts"}],"about":[{"href":"https:\/\/blogs.diariosur.es\/soyfriki\/wp-json\/wp\/v2\/types\/post"}],"author":[{"embeddable":true,"href":"https:\/\/blogs.diariosur.es\/soyfriki\/wp-json\/wp\/v2\/users\/7"}],"replies":[{"embeddable":true,"href":"https:\/\/blogs.diariosur.es\/soyfriki\/wp-json\/wp\/v2\/comments?post=451"}],"version-history":[{"count":0,"href":"https:\/\/blogs.diariosur.es\/soyfriki\/wp-json\/wp\/v2\/posts\/451\/revisions"}],"wp:attachment":[{"href":"https:\/\/blogs.diariosur.es\/soyfriki\/wp-json\/wp\/v2\/media?parent=451"}],"wp:term":[{"taxonomy":"category","embeddable":true,"href":"https:\/\/blogs.diariosur.es\/soyfriki\/wp-json\/wp\/v2\/categories?post=451"},{"taxonomy":"post_tag","embeddable":true,"href":"https:\/\/blogs.diariosur.es\/soyfriki\/wp-json\/wp\/v2\/tags?post=451"}],"curies":[{"name":"wp","href":"https:\/\/api.w.org\/{rel}","templated":true}]}}