{"id":476,"date":"2011-11-05T10:56:36","date_gmt":"2011-11-05T09:56:36","guid":{"rendered":"http:\/\/blogs.diariosur.es\/tuenti-facebook\/?p=476"},"modified":"2011-11-05T10:56:36","modified_gmt":"2011-11-05T09:56:36","slug":"manoletus-garcia-quiero-ser-curro-troya-a-las-7-de-la-manana-cuando-solo-escribe-el","status":"publish","type":"post","link":"https:\/\/blogs.diariosur.es\/soyfriki\/2011\/11\/05\/manoletus-garcia-quiero-ser-curro-troya-a-las-7-de-la-manana-cuando-solo-escribe-el\/","title":{"rendered":"Manoletus Garc\u00eda: &#8220;Quiero ser Curro Troya a las 7 de la ma\u00f1ana, cuando s\u00f3lo escribe \u00e9l&#8221;"},"content":{"rendered":"<p><span style=\"color: #000000;\">Me ha sorprendido la expectaci\u00f3n que hay por leer mi humilde entrevista a <strong>Manoletus Garc\u00eda<\/strong>. Entiendo que <strong>Manoletus<\/strong> estuviera\u00a0d\u00eda tras d\u00eda insistiendo en su publicaci\u00f3n Pero, \u00bfy sus casi 400 seguidores? Pero es que este Manolo Garc\u00eda, no el cantante, sino un<strong> estudiante de Periodismo de la UMA<\/strong>, tambi\u00e9n tiene club de fans por su sinceridad -algo que se echa en falta en <strong>Twitter<\/strong>&#8211; y su peculiar sentido del humor. A sus 18 a\u00f1os, tiene algunas cosas muy claritas sobre su futuro.<!--more--><\/span><\/p>\n<p><strong>Lo m\u00e1s granado de Twitter andaba pregunt\u00e1ndome cu\u00e1ndo se publicaba esto. \u00bfQu\u00e9 les das?\u00a0<\/strong>Que se pueda decir aqu\u00ed, no s\u00e9\u2026 Cari\u00f1o, amor y eso, supongo. Nada de dinero, en serio. S\u00f3lo a veces.<\/p>\n<p><span style=\"color: #000000;\"><strong>Tu n\u00famero de followers no hace justicia a tu fama&#8230; Creo que alguno se averg\u00fcenza de seguirte, pero te lee. \u00bfNo crees?\u00a0<\/strong>\u00bfT\u00fa crees? Uh\u2026 Bueno, hay gente que va enteramente al perreo conmigo y me lee a trav\u00e9s de listas y cosas de esas en lugar de seguirme. De hecho el a\u00f1o pasado me dedicaba a putear a ciertos profesores\u2026 digo, a hacer cr\u00edticas constructivas, y resulta que se empapaban de todo. En fin. A saber qui\u00e9n me lee desde <a href=\"http:\/\/twitter.com\/diario_sur\" target=\"_blank\" rel=\"external nofollow\"><span style=\"color: #000000;\">@diario_sur<\/span><\/a>\u2026<\/span><\/p>\n<p><span style=\"color: #000000;\"><strong>Yo me pregunto, Manoletus Garc\u00eda \u00bfes una marca o eres as\u00ed realmente?\u00a0<\/strong>\u201cEs una marca que se ajusta perfectamente a la realidad\u201d dice mi compa\u00f1ero de piso. No s\u00e9, supongo que hay veces en las que s\u00ed soy as\u00ed y otras en las que me comporto m\u00e1s.<\/span><\/p>\n<div style=\"width: 552px\" class=\"wp-caption aligncenter\"><a href=\"http:\/\/blogs.diariosur.es\/tuenti-facebook\"><img loading=\"lazy\" class=\"   \" title=\"Manoletus Garcia haciendo un bocadillo en la facultad \/ Foto: Roo_GR\" src=\"\/\/a.yfrog.com\/img860\/7282\/1rnk.jpg\" alt=\"Manoletus Garcia haciendo un bocadillo en la facultad \/ Foto: Roo_GR\" width=\"542\" height=\"326\" \/><\/a><p class=\"wp-caption-text\">Manoletus Garcia haciendo un bocadillo en la facultad \/ Foto: Roo_GR<\/p><\/div>\n<p><span style=\"color: #000000;\"><strong>\u00bfQui\u00e9nes son tus modelos tuiteros? Yo ya te hago tomando nota de <a href=\"http:\/\/twitter.com\/masaenfurecida\" target=\"_blank\" rel=\"external nofollow\"><span style=\"color: #000000;\">@masaenfurecida<\/span><\/a> y <a href=\"http:\/\/twitter.com\/ereslamierda\" target=\"_blank\" rel=\"external nofollow\"><span style=\"color: #000000;\">@ereslamierda<\/span><\/a>&#8230; Sin perjuicio de eminentes malague\u00f1os como <a href=\"http:\/\/twitter.com\/capitan_ahab\" target=\"_blank\" rel=\"external nofollow\"><span style=\"color: #000000;\">@capitan_ahab <\/span><\/a>o <a href=\"http:\/\/twitter.com\/currotroya\" target=\"_blank\" rel=\"external nofollow\"><span style=\"color: #000000;\">@currotroya<\/span><\/a>. \u00a0<\/strong>Vas bien encaminado, s\u00ed. Mi \u00eddolo\/a siempre ha sido <strong><a href=\"http:\/\/twitter.com\/abuelabloguera\" target=\"_blank\" rel=\"external nofollow\"><span style=\"color: #000000;\">@abuelabloguera<\/span><\/a><\/strong>, tanto en Twitter como en el blog, aunque \u00faltimamente est\u00e9 regular. La cuenta de <strong><a href=\"http:\/\/twitter.com\/elmundotoday\" target=\"_blank\" rel=\"external nofollow\"><span style=\"color: #000000;\">@elmundotoday<\/span><\/a><\/strong> tambi\u00e9n es genial, y no me olvido del eminente<strong><a href=\"http:\/\/twitter.com\/donsanwrio\" target=\"_blank\" rel=\"external nofollow\"><span style=\"color: #000000;\"> @donsanwrio<\/span><\/a><\/strong>. De M\u00e1laga,\u00a0<strong>Ahab<\/strong> es muy guapo.<\/span><\/p>\n<p><span style=\"color: #000000;\"><strong>Ahora en serio, \u00bfcomo qu\u00e9 tuitero no te gustar\u00eda ser de mayor? \u00bfY como qui\u00e9n s\u00ed?\u00a0<\/strong>Joder, la de antes la hab\u00eda respondido en serio. Ahora te dir\u00e9 que quiero ser como <strong><a href=\"http:\/\/twitter.com\/currotroya\" target=\"_blank\" rel=\"external nofollow\"><span style=\"color: #000000;\">@currotroya<\/span><\/a><\/strong> a las siete de la ma\u00f1ana, cuando s\u00f3lo escribe \u00e9l. Tambi\u00e9n me gustar\u00eda enlazar constantemente blogs sobre periodismo 2.0, 10 consejos para hacer cualquier estupidez y otras noticias irrelevantes. <\/span><\/p>\n<p><span style=\"color: #000000;\"><strong>Y profesionalmente. \u00bfQu\u00e9 har\u00e1s si finalmente acabas la carrera antes de que la carrera acabe contigo? \u00bfFiel a Taberna Global o escuchar\u00e1s ofertas?\u00a0<\/strong>Ser\u00eda muy optimista pensar que alguien adem\u00e1s de <strong>La Taberna Global<\/strong> me quiera en su plantilla\u2026 Pero s\u00ed, en teor\u00eda escucho todo tipo de ofertas, aunque s\u00e9 que algunos medios me descartar\u00e1n r\u00e1pidamente al leerme. Mi preferencia es <strong>Diario\u00a0SUR<\/strong>.<\/span><\/p>\n<p><span style=\"color: #000000;\"><strong>Gracias por apuntarnos los primeros, espero que sea cierto. Me encanta ese paso entre el tuitero serio y el trol que algunos hab\u00e9is conseguido crear. Es como un eslab\u00f3n perdido, un estado de gracia al que muchos aspiran y pocos llegan. Te lo digo con sinceridad.\u00a0<\/strong>Gracias. Es que soy la hostia. Y s\u00e9 cocinar.<\/span><\/p>\n<p><span style=\"color: #000000;\"><strong>Pero con tanto vacilar, \u00bfte han dado ya alguna torta?\u00a0<\/strong>Pues\u2026 s\u00ed. Como ya he dicho, el a\u00f1o pasado me dieron un tir\u00f3n de orejas con el tema de los profesores. Nada comparable con el futuro tan incierto que nos deja Zapatero.<\/span><\/p>\n<p><span style=\"color: #000000;\"><strong>Hablando de pol\u00edticos: cu\u00e1l es tu personaje favorito para sacudirle, \u00bfGadafi? \u00bfRosa D\u00edez?\u00a0<\/strong>Gadafi\u2026 (L\u00e1grimas) Qu\u00e9 grande era. En realidad no tengo ning\u00fan personaje favorito concreto. Me gusta darle ca\u00f1a a la izquierda con argumentos que normalmente no me creo ni yo.<\/span><\/p>\n<p><span style=\"color: #000000;\"><strong>Es casi la hora de comer y pienso en qui\u00e9n se va a comer definitivamente la crema de zanahoria rancia de tu terraza&#8230;\u00a0<\/strong>Yo tambi\u00e9n. El otro d\u00eda vino al piso un chaval con un perro y por poco tenemos ya la primera v\u00edctima mortal. Aunque habr\u00eda sido un animal, as\u00ed que no importa. Por cierto, si quieres probarla, tengo un poco aqu\u00ed en la mochila\u2026<\/span><\/p>\n<p><span style=\"color: #000000;\"><strong>Ahora, y como obsequio para fans y seguidores de todo pelaje, hice una colecta de preguntas que pod\u00edan ser interesantes en tuiter. Gente de la que no voy a desvelar el nombre -por lo que pueda pasar- pero que seguro que descubres tras cada malintencionada cuesti\u00f3n. Aqu\u00ed te dejo sus preguntas.\u00a0<\/strong>Ok<\/span><\/p>\n<p><span style=\"color: #000000;\"><strong>\u00bfEl humor es una cualidad que, en dosis importantes, anula otras cualidades?\u00a0<\/strong>Es posible. He notado que mucha gente no me toma ya en serio, y cuando quiero escribir algo sin co\u00f1a tengo que especificarlo siempre. Pero bueno, se sobrelleva.<\/span><\/p>\n<p><span style=\"color: #000000;\"><strong>\u00bfSientes el riesgo de convertirte en alguien gracioso, sin que se valore completamente el talento que puedes tener?\u00a0<\/strong>Alguna vez lo he pensado, pero hay gente que s\u00ed me valora de verdad m\u00e1s all\u00e1 del humor y eso en cierta medida me consuela. Aunque siempre estoy a tiempo de empezar otra carrera.<\/span><\/p>\n<p><span style=\"color: #000000;\"><strong>\u00bfHoy un estudiante de periodismo es alguien que aspira a hacer informaci\u00f3n o a ser un verdadero poser?\u00a0<\/strong>No son cosas excluyentes, pero entiendo que la mayor\u00eda de mis compa\u00f1eros ser\u00e1n en un futuro unos verdaderos posers sin trabajo. A no ser que gane el PP. S\u00f3lo entonces ser\u00e1n posers con trabajo.<\/span><\/p>\n<p><span style=\"color: #000000;\"><strong>\u00bfNo crees que el libro de estilo de BILDU est\u00e1 pasado de moda?\u00a0<\/strong>Defiendo la libertad de libro de estilo as\u00ed que si a m\u00ed me gusta llevar coleta, barba y ropa puerca es lo que hay.<\/span><\/p>\n<p><span style=\"color: #000000;\"><strong>\u00bfPor qu\u00e9 estudias? \u00bfY por qu\u00e9 estudias periodismo?\u00a0<\/strong>No estudio mucho, pero cuando lo hago es para sacarme las asignaturas. \u00bfPor qu\u00e9 periodismo? Porque creo que puedo aportar puntos de vista interesantes y poner un poco de cabeza.<\/span><\/p>\n<p><span style=\"color: #000000;\"><strong>No eres un pasota, \u00bfverdad?\u00a0<\/strong>\u2026<\/span><\/p>\n<p><span style=\"color: #000000;\"><strong>\u00bfCrees que el software libre, la neutralidad en Internet, y las redes sociales son esenciales para reforzar la democracia en la sociedad actual?\u00a0<\/strong>Con Franco nadie se quejaba y no hab\u00eda 5 millones de parados. Espero haber respondido a tu pregunta.<\/span><\/p>\n<div>\n<div>\n<h2><span style=\"color: #000000;\"><img loading=\"lazy\" class=\"alignright\" style=\"font-size: 13px; font-weight: normal;\" src=\"\/\/a3.twimg.com\/profile_images\/1588093360\/image__4__reasonably_small.jpg\" alt=\"Manolo Garc\u00eda\" width=\"128\" height=\"128\" \/>Manolo Garc\u00eda<\/span><br \/>\n<span style=\"color: #000000;\"><em><a style=\"font-size: 13px; font-weight: normal;\" href=\"http:\/\/twitter.com\/manoletusgarcia\" target=\"_blank\" rel=\"external nofollow\"><span style=\"color: #000000;\">@manoletusgarcia<\/span><\/a><span class=\"Apple-style-span\" style=\"font-size: 13px; font-weight: normal;\">\u00a0M\u00e1laga<br \/>\n<\/span><span class=\"Apple-style-span\" style=\"font-size: 13px; font-weight: normal;\">Profesor de Periodismo en la UMA. Colaborador de<\/span><a style=\"font-size: 13px; font-weight: normal;\" href=\"http:\/\/twitter.com\/#!\/tabernaglobal\" rel=\"nofollow external\" data-screen-name=\"tabernaglobal\"><span style=\"color: #000000;\"><s>@<\/s><strong>tabernaglobal<\/strong><\/span><\/a><span class=\"Apple-style-span\" style=\"font-size: 13px; font-weight: normal;\">. Atleta. Informaci\u00f3n veraz. 18 a\u00f1os<br \/>\n<\/span><a style=\"font-size: 13px; font-weight: normal;\" href=\"http:\/\/solosoyotroperiodistadiletante.blogspot.com\/\" rel=\"me nofollow\" target=\"_blank\"><span style=\"color: #000000;\">http:\/\/solosoyotroperiodistadiletante.blogspot.com\/<br \/>\n<\/span><\/a><a style=\"font-size: 13px; font-weight: normal;\" href=\"http:\/\/twitter.com\/#!\/manoletusgarcia\" rel=\"external nofollow\"><span style=\"color: #000000;\">12.705Tweets<\/span><\/a><span class=\"Apple-style-span\" style=\"font-size: 13px; font-weight: normal;\">\u00a07\u00a0<\/span><a style=\"font-size: 13px; font-weight: normal;\" href=\"http:\/\/twitter.com\/#!\/manoletusgarcia\/following\" rel=\"external nofollow\"><span style=\"color: #000000;\">247Siguiendo<\/span><\/a><span class=\"Apple-style-span\" style=\"font-size: 13px; font-weight: normal;\">\u00a0\/\u00a0<\/span><a style=\"font-size: 13px; font-weight: normal;\" href=\"http:\/\/twitter.com\/#!\/manoletusgarcia\/followers\" rel=\"external nofollow\"><span style=\"color: #000000;\">339Seguidores<\/span><\/a><span class=\"Apple-style-span\" style=\"font-size: 13px; font-weight: normal;\">\u00a0\/<\/span><a style=\"font-size: 13px; font-weight: normal;\" href=\"http:\/\/twitter.com\/#!\/manoletusgarcia\/lists\/memberships\" rel=\"external nofollow\"><span style=\"color: #000000;\">14Listas<\/span><\/a><\/em><\/span><\/h2>\n<\/div>\n<\/div>\n","protected":false},"excerpt":{"rendered":"<p>Me ha sorprendido la expectaci\u00f3n que hay por leer mi humilde entrevista a Manoletus Garc\u00eda. Entiendo que Manoletus estuviera\u00a0d\u00eda tras d\u00eda insistiendo en su publicaci\u00f3n Pero, \u00bfy sus casi 400 seguidores? Pero es que este Manolo Garc\u00eda, no el cantante, sino un estudiante de Periodismo de la UMA, tambi\u00e9n tiene club de fans por su [&hellip;]<\/p>\n","protected":false},"author":7,"featured_media":0,"comment_status":"open","ping_status":"closed","sticky":false,"template":"","format":"standard","meta":[],"categories":[4],"tags":[354,483],"_links":{"self":[{"href":"https:\/\/blogs.diariosur.es\/soyfriki\/wp-json\/wp\/v2\/posts\/476"}],"collection":[{"href":"https:\/\/blogs.diariosur.es\/soyfriki\/wp-json\/wp\/v2\/posts"}],"about":[{"href":"https:\/\/blogs.diariosur.es\/soyfriki\/wp-json\/wp\/v2\/types\/post"}],"author":[{"embeddable":true,"href":"https:\/\/blogs.diariosur.es\/soyfriki\/wp-json\/wp\/v2\/users\/7"}],"replies":[{"embeddable":true,"href":"https:\/\/blogs.diariosur.es\/soyfriki\/wp-json\/wp\/v2\/comments?post=476"}],"version-history":[{"count":0,"href":"https:\/\/blogs.diariosur.es\/soyfriki\/wp-json\/wp\/v2\/posts\/476\/revisions"}],"wp:attachment":[{"href":"https:\/\/blogs.diariosur.es\/soyfriki\/wp-json\/wp\/v2\/media?parent=476"}],"wp:term":[{"taxonomy":"category","embeddable":true,"href":"https:\/\/blogs.diariosur.es\/soyfriki\/wp-json\/wp\/v2\/categories?post=476"},{"taxonomy":"post_tag","embeddable":true,"href":"https:\/\/blogs.diariosur.es\/soyfriki\/wp-json\/wp\/v2\/tags?post=476"}],"curies":[{"name":"wp","href":"https:\/\/api.w.org\/{rel}","templated":true}]}}