{"id":480,"date":"2011-11-07T17:49:44","date_gmt":"2011-11-07T16:49:44","guid":{"rendered":"http:\/\/blogs.diariosur.es\/tuenti-facebook\/?p=480"},"modified":"2011-11-07T17:49:44","modified_gmt":"2011-11-07T16:49:44","slug":"eduardo-baeza-el-community-manager-del-pp-se-casa-con-nena-daconte","status":"publish","type":"post","link":"https:\/\/blogs.diariosur.es\/soyfriki\/2011\/11\/07\/eduardo-baeza-el-community-manager-del-pp-se-casa-con-nena-daconte\/","title":{"rendered":"Eduardo Baeza, el community manager del PP, se casa con Nena Daconte"},"content":{"rendered":"<p><span style=\"color: #000000;\">S\u00ed, yo tampoco salgo de mi asombro. No es que me guste colar noticias del coraz\u00f3n en mi blog, pero es que esto marcar\u00e1 un antes y un despu\u00e9s en la reputaci\u00f3n 1.0 de los <strong>community manager<\/strong>. \u00bfQue <strong>el CM \u00a0del PP<\/strong> se casa? S\u00ed, y adem\u00e1s con <strong>Nena Daconte<\/strong>, o <strong>Mai Meneses<\/strong>, como quieras.<!--more--><\/span><\/p>\n<div id=\"attachment_481\" style=\"width: 310px\" class=\"wp-caption alignright\"><span style=\"color: #000000;\"><a href=\"\/soyfriki\/wp-content\/uploads\/sites\/14\/2011\/11\/community-manager-pp-Eduardo-Baeza.jpg\"><span style=\"color: #000000;\"><img aria-describedby=\"caption-attachment-481\" loading=\"lazy\" class=\"size-full wp-image-481 \" title=\"community-manager-pp-Eduardo-Baeza\" src=\"\/soyfriki\/wp-content\/uploads\/sites\/14\/2011\/11\/community-manager-pp-Eduardo-Baeza.jpg\" alt=\"community-manager-pp-Eduardo-Baeza\" width=\"300\" height=\"290\" \/><\/span><\/a><\/span><p id=\"caption-attachment-481\" class=\"wp-caption-text\">Eduardo Baeza con Mai Meneses, en divinity.es<\/p><\/div>\n<p><span style=\"color: #000000;\">Pero, yo me pregunto. \u00bfHoy es noticia <strong>Nena Daconte<\/strong> porque se ha casado con el con <strong>el community del PP<\/strong>? \u00bfEl <strong>responsable de redes sociales del PP<\/strong> es noticia porque se ha casado con Mai Meneses? Y al final me estoy liando. Yo creo que la noticia es que <strong>un community manager es noticia<\/strong>, y no s\u00f3lo por ser hacer bien o mal su trabajo.<\/span><\/p>\n<p><span style=\"color: #000000;\">S\u00ed. Es eso \u00faltimo es el tomate. Y es que mi titular est\u00e1 <strong>extra\u00eddo de <a href=\"http:\/\/divinity.es\" target=\"_blank\" rel=\"external nofollow\"><span style=\"color: #000000;\">divinity.es<\/span><\/a>,<\/strong> tal cual.\u00a0<\/span><\/p>\n<p><span style=\"color: #000000;\">&#8220;<strong>Eduardo Baeza<\/strong>, responsable del Gabinete Ejecutivo de la Presidencia, la <strong>comunicaci\u00f3n social y las redes sociales<\/strong> del <strong>Partido Popular<\/strong>, hizo un alto en la campa\u00f1a electoral de <strong>Mariano Rajoy<\/strong> para casarse en Alcal\u00e1&#8221;. \u00a1Toma ya! \u00bfCortina de humo despu\u00e9s de su <strong><a href=\"http:\/\/www.diariosur.es\/rc\/20111023\/tecnologia\/twitter-error-community-manager-201110231734.html\" target=\"_blank\" rel=\"external nofollow\"><span style=\"color: #000000;\">\u00e9pica cantada en Twitter<\/span><\/a><\/strong> hace d\u00edas? <a href=\"http:\/\/www.diariosur.es\/rc\/20111023\/tecnologia\/twitter-error-community-manager-201110231734.html\" target=\"_blank\" rel=\"external nofollow\"><span style=\"color: #000000;\">Lee la noticia de c\u00f3mo <strong>el community manager del \u00a0PP se hizo famoso<\/strong> >>><\/span><\/a><\/span><\/p>\n<p><span style=\"color: #000000;\">El caso es que ya tenemos el primer CM en las <strong>revistas del coraz\u00f3n<\/strong>. \u00a1Ya sois carne de <strong>S\u00e1lvame<\/strong>! A ver qui\u00e9n es el siguiente.<\/span><\/p>\n","protected":false},"excerpt":{"rendered":"<p>S\u00ed, yo tampoco salgo de mi asombro. No es que me guste colar noticias del coraz\u00f3n en mi blog, pero es que esto marcar\u00e1 un antes y un despu\u00e9s en la reputaci\u00f3n 1.0 de los community manager. \u00bfQue el CM \u00a0del PP se casa? S\u00ed, y adem\u00e1s con Nena Daconte, o Mai Meneses, como quieras.<\/p>\n","protected":false},"author":7,"featured_media":0,"comment_status":"open","ping_status":"closed","sticky":false,"template":"","format":"standard","meta":[],"categories":[8],"tags":[102,598],"_links":{"self":[{"href":"https:\/\/blogs.diariosur.es\/soyfriki\/wp-json\/wp\/v2\/posts\/480"}],"collection":[{"href":"https:\/\/blogs.diariosur.es\/soyfriki\/wp-json\/wp\/v2\/posts"}],"about":[{"href":"https:\/\/blogs.diariosur.es\/soyfriki\/wp-json\/wp\/v2\/types\/post"}],"author":[{"embeddable":true,"href":"https:\/\/blogs.diariosur.es\/soyfriki\/wp-json\/wp\/v2\/users\/7"}],"replies":[{"embeddable":true,"href":"https:\/\/blogs.diariosur.es\/soyfriki\/wp-json\/wp\/v2\/comments?post=480"}],"version-history":[{"count":0,"href":"https:\/\/blogs.diariosur.es\/soyfriki\/wp-json\/wp\/v2\/posts\/480\/revisions"}],"wp:attachment":[{"href":"https:\/\/blogs.diariosur.es\/soyfriki\/wp-json\/wp\/v2\/media?parent=480"}],"wp:term":[{"taxonomy":"category","embeddable":true,"href":"https:\/\/blogs.diariosur.es\/soyfriki\/wp-json\/wp\/v2\/categories?post=480"},{"taxonomy":"post_tag","embeddable":true,"href":"https:\/\/blogs.diariosur.es\/soyfriki\/wp-json\/wp\/v2\/tags?post=480"}],"curies":[{"name":"wp","href":"https:\/\/api.w.org\/{rel}","templated":true}]}}