{"id":484,"date":"2011-11-08T12:14:53","date_gmt":"2011-11-08T11:14:53","guid":{"rendered":"http:\/\/blogs.diariosur.es\/tuenti-facebook\/?p=484"},"modified":"2011-11-08T12:14:53","modified_gmt":"2011-11-08T11:14:53","slug":"rajoy-mueve-cazalla-de-la-sierra-de-sevilla-a-cadiz-y-revienta-twitter","status":"publish","type":"post","link":"https:\/\/blogs.diariosur.es\/soyfriki\/2011\/11\/08\/rajoy-mueve-cazalla-de-la-sierra-de-sevilla-a-cadiz-y-revienta-twitter\/","title":{"rendered":"Rajoy mueve Cazalla de la Sierra de Sevilla a C\u00e1diz y revienta Twitter"},"content":{"rendered":"<p><span style=\"color: #000000;\">El <strong><a href=\"http:\/\/www.diariosur.es\/rc\/20111108\/elecciones\/20n-2011\/noticias\/mejores-momentos-debate-201111080337.html\" target=\"_blank\" rel=\"external nofollow\"><span style=\"color: #000000;\">debate electoral<\/span><\/a><\/strong>, con el que media Espa\u00f1a se qued\u00f3 dormida, tocaba a su fin. A <a href=\"http:\/\/www.diariosur.es\/rc\/20111108\/elecciones\/20n-2011\/noticias\/mejores-momentos-debate-201111080337.html\" target=\"_blank\" rel=\"external nofollow\"><span style=\"color: #000000;\"><strong>Alfredo P\u00e9rez Rubalcaba<\/strong> <\/span><\/a>se le ocurr\u00eda decir que las diputaciones deb\u00edan suprimirse y <strong><a href=\"http:\/\/www.diariosur.es\/rc\/20111108\/elecciones\/20n-2011\/noticias\/mejores-momentos-debate-201111080337.html\" target=\"_blank\" rel=\"external nofollow\"><span style=\"color: #000000;\">Mariano Rajo<\/span><\/a>y<\/strong> defend\u00eda que conoc\u00eda las necesidades del pa\u00eds. Y en mitad de un fuego cruzado, <strong>Rajoy<\/strong> pronunciaba dos nombres, <strong>Constantina<\/strong> y <strong>Cazalla de la Sierra<\/strong>, y poco despu\u00e9s este segundo pueblo se convert\u00eda en <strong>trending topic<\/strong> de <strong>Twitter<\/strong> la noche del <strong>#caraacara<\/strong> y del <strong>#debate<\/strong>.<!--more--><\/span><\/p>\n<p><span style=\"color: #000000;\">Ya no val\u00eda otro <strong>hadstag<\/strong>, pese a que mucho rato llevaban dando vueltas la <strong>#elecciones<\/strong>, el <strong>#20<\/strong> u otros contestatarios como el <strong>#debatea3<\/strong>.<\/span><\/p>\n<p style=\"text-align: center;\"><img loading=\"lazy\" class=\"aligncenter\" src=\"\/\/resizer.diariosur.es\/resizer\/resizer.php?imagen=http:\/\/www.diariosur.es\/RC\/201111\/08\/Media\/M1-1807075444--665x180.JPG&#038;nuevoancho=665&#038;nuevoalto=180&#038;copyright=false&#038;encrypt=false&#038;posmarca=C&#038;transparencia=85\" alt=\"Pulse para ver el video\" width=\"599\" height=\"162\" \/><\/p>\n<p><span style=\"color: #000000;\">&#8220;Yo tambi\u00e9n voy a los pueblos de <strong><a href=\"http:\/\/www.diariosur.es\/mas-actualidad\/espana\/\" target=\"_blank\" rel=\"external nofollow\"><span style=\"color: #000000;\">Espa\u00f1a<\/span><\/a><\/strong>, no es usted el \u00fanico que los pasea, soy diputado por C\u00e1diz&#8221;, dec\u00eda P\u00e9rez Rubalcaba, mientras recomendaba a <strong>Rajoy<\/strong> que visitara algunos de los m\u00e1s peque\u00f1os, en la sierra, porque son &#8220;magn\u00edficos&#8221;.\u00a0&#8220;S\u00ed, los conozco&#8221;, respond\u00eda <strong>Rajoy<\/strong> recitando varios nombres y entre ellos, <strong>Cazalla de la Sierra y Constantina<\/strong>, que no est\u00e1 en <strong>C\u00e1diz<\/strong>, sino en la provincia de <strong>Sevilla<\/strong>.<\/span><\/p>\n<div><span style=\"color: #000000;\">\u00a0Y claro, ya empez\u00f3 la g\u00fcasa en <strong>Twitter<\/strong>.<span style=\"text-decoration: underline;\"> <em>&#8216;Este verano voy a hacerme una ruta por C\u00e1diz. Voy a visitar pueblos como Cazalla, Constantina, Donosti, Vallecas, L&#8217;Hospitalet de Llobregat&#8230;&#8217;<\/em><\/span>, dec\u00edan algunos de los tuiteros cachondos, como <strong><a href=\"http:\/\/twitter.com\/mantecas90\" target=\"_blank\" rel=\"external nofollow\"><span style=\"color: #000000;\">@mantecas90<\/span><\/a><\/strong>. De hecho, hasta el presidente de la Junta de Andaluc\u00eda<strong>,<a href=\"https:\/\/twitter.com\/PepeGrinan\" target=\"_blank\" rel=\"external nofollow\"><span style=\"color: #000000;\"> @pepegrinan<\/span><\/a><\/strong>, le ha contestado diciendo:\u00a0<span style=\"text-decoration: underline;\"><em>\u00a0&#8216;Cazalla y Constantina, municipios de C\u00e1diz, seg\u00fan Rajoy, \u00fanica concreci\u00f3n del aspirante del PP&#8217;<\/em><\/span>.\u00a0Este es uno de los recuerdos que ha dejado Mariano Rajoy para el debate. Bueno&#8230;<br \/>\n<\/span><\/div>\n<div><\/div>\n<div><\/div>\n<div><\/div>\n<div><\/div>\n<div><span style=\"color: #000000;\">Para <a href=\"http:\/\/www.diariosur.es\/local\/malaga\/\" target=\"_blank\" rel=\"external nofollow\"><span style=\"color: #000000;\"><strong>M\u00e1laga<\/strong> <\/span><\/a>no repart\u00eda nada, pero los tuiteros malague\u00f1os se lo pasaron igual de bien comentando otras cosas. Mi favorito fue<strong> <a href=\"http:\/\/twitter.com\/victorindie\" target=\"_blank\" rel=\"external nofollow\"><span style=\"color: #000000;\">@VictorIndie<\/span><\/a><\/strong>\u00a0-un crack- con perlas como <span style=\"text-decoration: underline;\"><em>&#8216;Seg\u00fan florentino P\u00e9rez este debate lo han puesto hoy los nacionalistas catalanes para que no se hable del liderato del Madrid&#8217;<\/em><\/span> o<strong><a href=\"http:\/\/twitter.com\/teoleongross\" target=\"_blank\" rel=\"external nofollow\"><span style=\"color: #000000;\"> @teoleongross<\/span><\/a><\/strong> con su<em><span style=\"text-decoration: underline;\"> &#8216;A alguien se le ha ido seriamente la mano con el\u00a0Just\u00a0For\u00a0Men<\/span><\/em><em><span style=\"text-decoration: underline;\">&#8216;<\/span><\/em><strong><strong>. <a href=\"http:\/\/twitter.com\/chikostra\" target=\"_blank\" rel=\"external nofollow\"><span style=\"color: #000000;\">@chikostra<\/span><\/a> <\/strong><\/strong>hac\u00eda el mejor resumen:<span style=\"text-decoration: underline;\"><em><strong><strong> &#8216;<\/strong><\/strong>Comparado con La Noria , Salvame deLuxe y Supervivientes&#8230;. Este<a title=\"#debate\" href=\"http:\/\/twitter.com\/#!\/search?q=%23debate\" rel=\"external nofollow\"><span style=\"color: #000000; text-decoration: underline;\">#debate<\/span><\/a>\u00a0me parece muy flojo!! Quitad a Campo Vidal y poned a Jorge Javier&#8217;<\/em><\/span>.<\/span><\/div>\n","protected":false},"excerpt":{"rendered":"<p>El debate electoral, con el que media Espa\u00f1a se qued\u00f3 dormida, tocaba a su fin. A Alfredo P\u00e9rez Rubalcaba se le ocurr\u00eda decir que las diputaciones deb\u00edan suprimirse y Mariano Rajoy defend\u00eda que conoc\u00eda las necesidades del pa\u00eds. Y en mitad de un fuego cruzado, Rajoy pronunciaba dos nombres, Constantina y Cazalla de la Sierra, [&hellip;]<\/p>\n","protected":false},"author":7,"featured_media":0,"comment_status":"open","ping_status":"closed","sticky":false,"template":"","format":"standard","meta":[],"categories":[8],"tags":[217,468,483],"_links":{"self":[{"href":"https:\/\/blogs.diariosur.es\/soyfriki\/wp-json\/wp\/v2\/posts\/484"}],"collection":[{"href":"https:\/\/blogs.diariosur.es\/soyfriki\/wp-json\/wp\/v2\/posts"}],"about":[{"href":"https:\/\/blogs.diariosur.es\/soyfriki\/wp-json\/wp\/v2\/types\/post"}],"author":[{"embeddable":true,"href":"https:\/\/blogs.diariosur.es\/soyfriki\/wp-json\/wp\/v2\/users\/7"}],"replies":[{"embeddable":true,"href":"https:\/\/blogs.diariosur.es\/soyfriki\/wp-json\/wp\/v2\/comments?post=484"}],"version-history":[{"count":0,"href":"https:\/\/blogs.diariosur.es\/soyfriki\/wp-json\/wp\/v2\/posts\/484\/revisions"}],"wp:attachment":[{"href":"https:\/\/blogs.diariosur.es\/soyfriki\/wp-json\/wp\/v2\/media?parent=484"}],"wp:term":[{"taxonomy":"category","embeddable":true,"href":"https:\/\/blogs.diariosur.es\/soyfriki\/wp-json\/wp\/v2\/categories?post=484"},{"taxonomy":"post_tag","embeddable":true,"href":"https:\/\/blogs.diariosur.es\/soyfriki\/wp-json\/wp\/v2\/tags?post=484"}],"curies":[{"name":"wp","href":"https:\/\/api.w.org\/{rel}","templated":true}]}}