{"id":492,"date":"2011-11-12T08:30:53","date_gmt":"2011-11-12T07:30:53","guid":{"rendered":"http:\/\/blogs.diariosur.es\/tuenti-facebook\/?p=492"},"modified":"2011-11-12T08:30:53","modified_gmt":"2011-11-12T07:30:53","slug":"ebe-2011-se-reconcilia-con-los-blogs","status":"publish","type":"post","link":"https:\/\/blogs.diariosur.es\/soyfriki\/2011\/11\/12\/ebe-2011-se-reconcilia-con-los-blogs\/","title":{"rendered":"EBE 2011 se reconcilia con los blogs"},"content":{"rendered":"<p><span style=\"color: #000000;\"><strong><a href=\"http:\/\/blogs.diariosur.es\/tuenti-facebook\/2011\/11\/11\/dos-mil-frikis-desde-hoy-en-eventoblog-espana-ebe11\/\"><span style=\"color: #000000;\">EBE <\/span><\/a><\/strong>siempre ha sido<strong> <a href=\"http:\/\/blogs.diariosur.es\/tuenti-facebook\/2011\/11\/11\/dos-mil-frikis-desde-hoy-en-eventoblog-espana-ebe11\/\"><span style=\"color: #000000;\">Eventoblog<\/span><\/a><\/strong>, que viene de eso mismo: punto de encuentro entorno a las bit\u00e1coras. Y s\u00ed, es verdad que los <strong>blogs<\/strong> han sido siempre el ojito derecho del evento, pero <strong><a href=\"http:\/\/blogs.diariosur.es\/tuenti-facebook\/2011\/11\/11\/dos-mil-frikis-desde-hoy-en-eventoblog-espana-ebe11\/\"><span style=\"color: #000000;\">Eventoblog <\/span><\/a><\/strong>siempre ha sido un organismo vivo, que crec\u00eda y se adaptaba a las circunstacias tecnol\u00f3gicas y a las demandas sociales. Y si bien el lema de <strong><a href=\"http:\/\/blogs.diariosur.es\/tuenti-facebook\/2011\/11\/11\/dos-mil-frikis-desde-hoy-en-eventoblog-espana-ebe11\/\"><span style=\"color: #000000;\">EBE 2011 <\/span><\/a><\/strong>es <a href=\"http:\/\/blogs.diariosur.es\/tuenti-facebook\/2011\/11\/11\/dos-mil-frikis-desde-hoy-en-eventoblog-espana-ebe11\/\"><span style=\"color: #000000;\">&#8216;M\u00e1s all\u00e1 de la web&#8217;<\/span><\/a>, no menos cierto es que este a\u00f1o el gui\u00f1o a los blogers es claro.<!--more--><\/span><\/p>\n<div style=\"width: 392px\" class=\"wp-caption alignright\"><img loading=\"lazy\" title=\"Foto del EBE 2011, por abcdesevilla.es\" src=\"\/\/www.abcdesevilla.es\/Media\/201111\/12\/OBJ2203440_1--478x317.JPG\" alt=\"Foto del EBE 2011, por abcdesevilla.es\" width=\"382\" height=\"254\" \/><p class=\"wp-caption-text\">Foto del EBE 2011, por abcdesevilla.es<\/p><\/div>\n<p><span style=\"color: #000000;\">No con menos perspectiva bloguera (al menos desde mi punto de vista) ven\u00eda el taller del maestro <a href=\"http:\/\/twitter.com\/pere_rovira\" rel=\"external nofollow\"><span style=\"color: #000000;\">Pere Rovira<\/span><\/a>, que ofrec\u00eda al autor (y tambi\u00e9n al empresario) todas las herramientas posibles para <strong>anal\u00edtica web<\/strong>.\u00a0La anal\u00edtica orientada al estudio y compresi\u00f3n de\u00a0los datos de tr\u00e1fico en una web para la toma de decisiones. &#8220;\u00c9sa deber\u00eda ser la misi\u00f3n del analista, no hallar datos, sino conocimiento&#8221;. Y con el con<\/span>siguiente repaso a todas las herramientas posibles, desde <strong><a href=\"www.google.com\/intl\/es\/analytics\/\" target=\"_blank\">Google Analytics<\/a><\/strong> a <strong><a href=\"http:\/\/sproutsocial.com\/\" target=\"_blank\" rel=\"external nofollow\">Sprout<\/a><\/strong>.<\/p>\n<p>Y hoy s\u00e1bado vienen platos fuertes, como el taller de <a href=\"http:\/\/es.wordpress.com\/\" target=\"_blank\" rel=\"external nofollow\"><strong>WordPress<\/strong> <\/a>para usuarios avanzados&#8230; No digo m\u00e1s. Ojal\u00e1 que le podamos sacar mucho provecho. Sin dejar en el tintero que se trat<span style=\"color: #000000;\">ar\u00e1 sobre periodismo -el otro tema estrella de <strong>EBE<\/strong> del que ya hablaremos m\u00e1s adelante- y, como no, redes sociales.<\/span><\/p>\n<p><span style=\"color: #000000;\">Desde las 11.00 de la ma\u00f1ana, m\u00e1s y mejor en<strong>\u00a0<a href=\"http:\/\/blogs.diariosur.es\/tuenti-facebook\/2011\/11\/11\/dos-mil-frikis-desde-hoy-en-eventoblog-espana-ebe11\/\"><span style=\"color: #000000;\">Eventoblog &#8211; EBE 2011<\/span><\/a><\/strong><\/span><\/p>\n","protected":false},"excerpt":{"rendered":"<p>EBE siempre ha sido Eventoblog, que viene de eso mismo: punto de encuentro entorno a las bit\u00e1coras. Y s\u00ed, es verdad que los blogs han sido siempre el ojito derecho del evento, pero Eventoblog siempre ha sido un organismo vivo, que crec\u00eda y se adaptaba a las circunstacias tecnol\u00f3gicas y a las demandas sociales. Y [&hellip;]<\/p>\n","protected":false},"author":7,"featured_media":0,"comment_status":"open","ping_status":"closed","sticky":false,"template":"","format":"standard","meta":[],"categories":[13,5],"tags":[40,66,140,161,165,202,483],"_links":{"self":[{"href":"https:\/\/blogs.diariosur.es\/soyfriki\/wp-json\/wp\/v2\/posts\/492"}],"collection":[{"href":"https:\/\/blogs.diariosur.es\/soyfriki\/wp-json\/wp\/v2\/posts"}],"about":[{"href":"https:\/\/blogs.diariosur.es\/soyfriki\/wp-json\/wp\/v2\/types\/post"}],"author":[{"embeddable":true,"href":"https:\/\/blogs.diariosur.es\/soyfriki\/wp-json\/wp\/v2\/users\/7"}],"replies":[{"embeddable":true,"href":"https:\/\/blogs.diariosur.es\/soyfriki\/wp-json\/wp\/v2\/comments?post=492"}],"version-history":[{"count":0,"href":"https:\/\/blogs.diariosur.es\/soyfriki\/wp-json\/wp\/v2\/posts\/492\/revisions"}],"wp:attachment":[{"href":"https:\/\/blogs.diariosur.es\/soyfriki\/wp-json\/wp\/v2\/media?parent=492"}],"wp:term":[{"taxonomy":"category","embeddable":true,"href":"https:\/\/blogs.diariosur.es\/soyfriki\/wp-json\/wp\/v2\/categories?post=492"},{"taxonomy":"post_tag","embeddable":true,"href":"https:\/\/blogs.diariosur.es\/soyfriki\/wp-json\/wp\/v2\/tags?post=492"}],"curies":[{"name":"wp","href":"https:\/\/api.w.org\/{rel}","templated":true}]}}