{"id":496,"date":"2011-11-21T13:39:27","date_gmt":"2011-11-21T12:39:27","guid":{"rendered":"http:\/\/blogs.diariosur.es\/tuenti-facebook\/?p=496"},"modified":"2011-11-21T13:39:27","modified_gmt":"2011-11-21T12:39:27","slug":"arias-canete-incendia-un-twitter-que-ya-pide-la-dimision-de-mariano-rajoy","status":"publish","type":"post","link":"https:\/\/blogs.diariosur.es\/soyfriki\/2011\/11\/21\/arias-canete-incendia-un-twitter-que-ya-pide-la-dimision-de-mariano-rajoy\/","title":{"rendered":"Arias Ca\u00f1ete incendia un Twitter que ya pide la dimisi\u00f3n de Mariano Rajoy"},"content":{"rendered":"<p style=\"text-align: center;\"><img loading=\"lazy\" class=\"aligncenter\" src=\"\/\/resizer.diariosur.es\/resizer\/resizer.php?imagen=http:\/\/www.diariosur.es\/RC\/201111\/20\/Media\/rajoy-vota--647x300.JPG&#038;nuevoancho=647&#038;nuevoalto=300&#038;copyright=false&#038;encrypt=false&#038;posmarca=C&#038;transparencia=85\" alt=\"Pulse para ver el video\" width=\"582\" height=\"270\" \/><\/p>\n<p><span style=\"color: #000000;\">Est\u00e1 claro, el protagonista del timeline es el d\u00eda despu\u00e9s de las elecciones. El <a href=\"https:\/\/twitter.com\/#!\/search\/%2321N\" rel=\"external nofollow\"><s>#<\/s>21N<\/a>, que de hecho se ha convertido en el trending topic del momento. \u00a1Mundial, oiga! Aunque la jornada tuitera postelectoral deja protagonistas como <a href=\"https:\/\/twitter.com\/#!\/search\/%22Arias%20Ca%C3%B1ete%22\" rel=\"external nofollow\">Arias Ca\u00f1ete<\/a>\u00a0o Mariano Rajoy, por muy diferentes razones.<!--more--><\/span><\/p>\n<p><span style=\"color: #000000;\"><img loading=\"lazy\" class=\"alignright size-full wp-image-497\" title=\"mariano-rajoy-dimision\" src=\"\/soyfriki\/wp-content\/uploads\/sites\/14\/2011\/11\/mariano-rajoy-dimision.png\" alt=\"\" width=\"291\" height=\"271\" \/><\/span><\/p>\n<p><span style=\"color: #000000;\"><a href=\"https:\/\/twitter.com\/#!\/search\/%22Arias%20Ca%C3%B1ete%22\" rel=\"external nofollow\">Arias Ca\u00f1ete<\/a>,\u00a0presidente del Comit\u00e9 Electoral Nacional del PP,\u00a0ha criticado que en Espa\u00f1a haya una &#8220;transici\u00f3n de poder&#8221; y ha a\u00f1adido que &#8220;hay que pasar por encima de los requisitos estrictamente legales&#8221; porque &#8220;los mercados no esperan&#8221;. Esta afirmaci\u00f3n ha sido interpretada por la fauna tuitera como una declaraci\u00f3n de intenciones y la mayor\u00eda est\u00e1 de u\u00f1as. \u00a0&#8220;La legalidad va a ser que es de rojos&#8221; dec\u00eda\u00a0<a title=\"auri\" href=\"https:\/\/twitter.com\/#!\/mellamopersona\" data-user-id=\"3359421\" rel=\"external nofollow\"><span style=\"color: #000000;\">@mellamopersona<\/span><\/a>. &#8220;Este sera el pais que vamos a tener. Y solo es el primer dia!&#8221;, a\u00f1ad\u00eda <a title=\"Juanjo Ben\u00edtez \u2714\" href=\"https:\/\/twitter.com\/#!\/JnjB_\" data-user-id=\"82610727\" rel=\"external nofollow\"><span style=\"color: #000000;\">@JnjB_<\/span><\/a>.<\/span><\/p>\n<p><span style=\"color: #000000;\">Y como contrapunto, otro protagonista del PP, Mariano Rajoy, con dos Trending Topics,\u00a0<a href=\"https:\/\/twitter.com\/#!\/search\/%23rajoydimision\" rel=\"external nofollow\"><s>#<\/s>rajoydimision<\/a> y <a title=\"#marianodimision\" href=\"https:\/\/twitter.com\/#!\/search?q=%23marianodimision\" rel=\"nofollow external\"><s>#<\/s>marianodimision<\/a>. \u00bfQu\u00e9 ha hecho el candidato? Pues ganar las elecciones del #20N. Pero como copian muchos usuarios en su estado &#8220;un 71% de los electores NO han votado al Partido Popular. Democracia por los cojones&#8221;. Y esa es la raz\u00f3n por la que se han propuesto empezar a pedir la dimisi\u00f3n cuanto antes, para que luego no les pilles el toro.\u00a0&#8220;La Bolsa baja. \u00a0<s><a title=\"#rajoydimisi\u00f3n\" href=\"https:\/\/twitter.com\/#!\/search?q=%23rajoydimisi\u00f3n\" rel=\"nofollow external\"><span style=\"color: #000000;\">#<\/span><\/a><\/s><a title=\"#rajoydimisi\u00f3n\" href=\"https:\/\/twitter.com\/#!\/search?q=%23rajoydimisi\u00f3n\" rel=\"nofollow external\"><span style=\"color: #000000;\">rajoydimision<\/span><\/a>&#8221; u &#8220;Oye, sigo sin trabajo&#8230;\u00a0<s><a title=\"#rajoydimision\" href=\"https:\/\/twitter.com\/#!\/search?q=%23rajoydimision\" rel=\"nofollow external\"><span style=\"color: #000000;\">#<\/span><\/a><\/s><a title=\"#rajoydimision\" href=\"https:\/\/twitter.com\/#!\/search?q=%23rajoydimision\" rel=\"nofollow external\"><span style=\"color: #000000;\">rajoydimision<\/span><\/a>&#8220;, cualquier excusa es buena.<\/span><\/p>\n<p><span style=\"color: #000000;\">A todo esto\u00a0<a title=\"Mariano Rajoy\" href=\"https:\/\/twitter.com\/#!\/MarainoRajoy\" data-user-id=\"409190450\" rel=\"external nofollow\"><span style=\"color: #000000;\">@MarainoRajoy<\/span><\/a>\u00a0-uno de los precursores de #freenaniano- declaraba:\u00a0&#8220;Los tags\u00a0<a title=\"#rajoydimision\" href=\"https:\/\/twitter.com\/#!\/search?q=%23rajoydimision\" rel=\"nofollow external\"><span style=\"color: #000000;\"><s>#<\/s>rajoydimision<\/span><\/a>\u00a0y\u00a0<a title=\"#marianodimision\" href=\"https:\/\/twitter.com\/#!\/search?q=%23marianodimision\" rel=\"nofollow external\"><span style=\"color: #000000;\"><s>#<\/s>marianodimision<\/span><\/a>\u00a0siguen ah\u00ed despu\u00e9s de horas. Creo que ya es hora de hacer caso al pueblo, ah\u00ed va: MISI\u00d3N.&#8221; :)<\/span><\/p>\n<p><span style=\"color: #000000;\">Pera ah\u00ed queda la jornada m\u00e1s pol\u00edtica de cuantas hemos pasado -que ya es decir. con el\u00a0<a href=\"https:\/\/twitter.com\/#!\/search\/%2321N\" rel=\"external nofollow\"><span style=\"color: #000000;\"><s>#<\/s>21N<\/span><\/a>,\u00a0<a href=\"https:\/\/twitter.com\/#!\/search\/%23rajoydimision\" rel=\"external nofollow\"><span style=\"color: #000000;\"><s>#<\/s>rajoydimision<\/span><\/a>,\u00a0<a href=\"https:\/\/twitter.com\/#!\/search\/%23MARIANODIMISION\" rel=\"external nofollow\"><span style=\"color: #000000;\"><s>#<\/s>MARIANODIMISION<\/span><\/a>,\u00a0<a href=\"https:\/\/twitter.com\/#!\/search\/%22Arias%20Ca%C3%B1ete%22\" rel=\"external nofollow\"><span style=\"color: #000000;\">Arias Ca\u00f1ete<\/span><\/a>,\u00a0<a href=\"https:\/\/twitter.com\/#!\/search\/%22D%C3%ADa%201%22\" rel=\"external nofollow\"><span style=\"color: #000000;\">D\u00eda 1<\/span><\/a>,\u00a0<a href=\"https:\/\/twitter.com\/#!\/search\/%22Viva%20Espa%C3%B1a%22\" rel=\"external nofollow\"><span style=\"color: #000000;\">Viva Espa\u00f1a<\/span><\/a>\u00a0y\u00a0<a href=\"https:\/\/twitter.com\/#!\/search\/%22El%20PP%22\" rel=\"external nofollow\"><span style=\"color: #000000;\">El PP<\/span><\/a>. S\u00f3lo el f\u00fatbol nos salva de un empacho postelectoral.<\/span><\/p>\n","protected":false},"excerpt":{"rendered":"<p>Est\u00e1 claro, el protagonista del timeline es el d\u00eda despu\u00e9s de las elecciones. El #21N, que de hecho se ha convertido en el trending topic del momento. \u00a1Mundial, oiga! Aunque la jornada tuitera postelectoral deja protagonistas como Arias Ca\u00f1ete\u00a0o Mariano Rajoy, por muy diferentes razones.<\/p>\n","protected":false},"author":7,"featured_media":0,"comment_status":"open","ping_status":"closed","sticky":false,"template":"","format":"standard","meta":[],"categories":[8,11],"tags":[220,459,467,468,483],"_links":{"self":[{"href":"https:\/\/blogs.diariosur.es\/soyfriki\/wp-json\/wp\/v2\/posts\/496"}],"collection":[{"href":"https:\/\/blogs.diariosur.es\/soyfriki\/wp-json\/wp\/v2\/posts"}],"about":[{"href":"https:\/\/blogs.diariosur.es\/soyfriki\/wp-json\/wp\/v2\/types\/post"}],"author":[{"embeddable":true,"href":"https:\/\/blogs.diariosur.es\/soyfriki\/wp-json\/wp\/v2\/users\/7"}],"replies":[{"embeddable":true,"href":"https:\/\/blogs.diariosur.es\/soyfriki\/wp-json\/wp\/v2\/comments?post=496"}],"version-history":[{"count":0,"href":"https:\/\/blogs.diariosur.es\/soyfriki\/wp-json\/wp\/v2\/posts\/496\/revisions"}],"wp:attachment":[{"href":"https:\/\/blogs.diariosur.es\/soyfriki\/wp-json\/wp\/v2\/media?parent=496"}],"wp:term":[{"taxonomy":"category","embeddable":true,"href":"https:\/\/blogs.diariosur.es\/soyfriki\/wp-json\/wp\/v2\/categories?post=496"},{"taxonomy":"post_tag","embeddable":true,"href":"https:\/\/blogs.diariosur.es\/soyfriki\/wp-json\/wp\/v2\/tags?post=496"}],"curies":[{"name":"wp","href":"https:\/\/api.w.org\/{rel}","templated":true}]}}