{"id":50,"date":"2009-06-03T21:22:00","date_gmt":"2009-06-03T21:22:00","guid":{"rendered":"http:\/\/blogs.diariosur.es\/tuenti-facebook\/?p=50"},"modified":"2009-06-03T21:22:00","modified_gmt":"2009-06-03T21:22:00","slug":"jose-mota-demanda-un-suplantador-facebook","status":"publish","type":"post","link":"https:\/\/blogs.diariosur.es\/soyfriki\/2009\/06\/03\/jose-mota-demanda-un-suplantador-facebook\/","title":{"rendered":"Jos\u00e9 Mota demanda a un suplantador en Facebook"},"content":{"rendered":"<p><IMG class=\"imgdcha\" src=\"\/\/www.diariosur.es\/prensa\/noticias\/200812\/30\/fotos\/330434.jpg\" id=\"img_0\">No te fies de los perfiles de Facebook&#8230; El actor y humorista Jos\u00e9 Mota, ex miembro de Cruz y Raya, ha decidido demandar penalmente a un hombre que le ha suplantado su personalidad en Facebook, y que deriva tr\u00e1fico desde su falso perfil a una web con \u00e1nimo de lucro.<\/p>\n<p>No todos son bondades en las redes sociales. Cada d\u00eda es m\u00e1s com\u00fan el fen\u00f3meno de la suplantaci\u00f3n de identidades en estas webs de \u00e9xito que conectan a millones de personas en todo el mundo. Estas herramientas crean p\u00e1ginas personales en las que los usuarios reflejan su personalidad y expresan sus inquietudes a su c\u00edrculo de amigos. El proceso de creaci\u00f3n es muy simple, por lo que el fen\u00f3meno de la suplantaci\u00f3n de identidad se ha visto multiplicado. Casi siempre los afectados suelen ser personajes famosos del mundo de la pol\u00edtica, del deporte o del espect\u00e1culo.<\/p>\n<p>El \u00faltimo de ellos que se ha visto afectado por este motivo es Jos\u00e9 Mota, que hace unos d\u00edas descubri\u00f3 que una persona le hab\u00eda suplantado su personalidad en Facebook (ver v\u00eddeo adjunto) y estaba contestando a la gente en su nombre, subiendo fotos suyas, y todo de una forma aparentemente normal. Mota ha decido demandar penalmente a este individuo por medio del bufete Garrigues, alegando que se vulnera el art\u00edculo 401 del C\u00f3digo Penal que establece que una suplantaci\u00f3n del estado civil ser\u00e1 castigado con la pena de prisi\u00f3n de seis meses a tres a\u00f1os. Seg\u00fan explic\u00f3 a Expansi\u00f3n.com, Jos\u00e9 Mar\u00eda Anguiano, socio de Garrigues, \u201cesta persona est\u00e1 derivando tr\u00e1fico desde este falso perfil a una p\u00e1gina web en la que comercializa publicidad, y seg\u00fan tenemos constancia hay m\u00e1s famosos a los que esta persona suplanta\u201d.<\/p>\n<p>Sin embargo, no parece que sea f\u00e1cil demostrar que suplantar la identidad en una red social es lo mismo que suplantar el estado civil de una persona. Eloy Velasco, magistrado de la Audiencia Nacional, ha declarado a Expansi\u00f3n.com que \u201cjurisdiccionalmente no es delito penal, otra cosa ser\u00eda que hiciera actos p\u00fablicos en su nombre como casarse\u2026 el problema est\u00e1 en el tejado del legislador, porque los jueces no podemos hacer nada con una ley ambigua, y encima este fen\u00f3meno de las redes sociales es muy reciente\u201d.<\/p>\n<p>En Espa\u00f1a tambi\u00e9n se han producido casos de suplantaci\u00f3n de identidad con anterioridad en Facebook que han saltado a los medios de comuncaci\u00f3n, como el de la alcaldesa de Valencia Rita Barber\u00e1 o el l\u00edder del Partido Popular, Mariano Rajoy, que adem\u00e1s requirieron la red social por medio del Partido a que anularan las cuentas no ver\u00eddicas.<\/p>\n<p><strong>Publicado por<\/strong> <A href=\"http:\/\/http\/\/www.expansion.com\/2009\/06\/03\/juridico\/1244046711.html\" title=\"http:\/\/http:\/\/www.expansion.com\/2009\/06\/03\/juridico\/1244046711.html\" id=\"link_0\">Expansi\u00f3n.com<\/a> <\/p>\n","protected":false},"excerpt":{"rendered":"<p>No te fies de los perfiles de Facebook&#8230; El actor y humorista Jos\u00e9 Mota, ex miembro de Cruz y Raya, ha decidido demandar penalmente a un hombre que le ha suplantado su personalidad en Facebook, y que deriva tr\u00e1fico desde su falso perfil a una web con \u00e1nimo de lucro. No todos son bondades en [&hellip;]<\/p>\n","protected":false},"author":7,"featured_media":0,"comment_status":"open","ping_status":"closed","sticky":false,"template":"","format":"standard","meta":[],"categories":[9],"tags":[165],"_links":{"self":[{"href":"https:\/\/blogs.diariosur.es\/soyfriki\/wp-json\/wp\/v2\/posts\/50"}],"collection":[{"href":"https:\/\/blogs.diariosur.es\/soyfriki\/wp-json\/wp\/v2\/posts"}],"about":[{"href":"https:\/\/blogs.diariosur.es\/soyfriki\/wp-json\/wp\/v2\/types\/post"}],"author":[{"embeddable":true,"href":"https:\/\/blogs.diariosur.es\/soyfriki\/wp-json\/wp\/v2\/users\/7"}],"replies":[{"embeddable":true,"href":"https:\/\/blogs.diariosur.es\/soyfriki\/wp-json\/wp\/v2\/comments?post=50"}],"version-history":[{"count":0,"href":"https:\/\/blogs.diariosur.es\/soyfriki\/wp-json\/wp\/v2\/posts\/50\/revisions"}],"wp:attachment":[{"href":"https:\/\/blogs.diariosur.es\/soyfriki\/wp-json\/wp\/v2\/media?parent=50"}],"wp:term":[{"taxonomy":"category","embeddable":true,"href":"https:\/\/blogs.diariosur.es\/soyfriki\/wp-json\/wp\/v2\/categories?post=50"},{"taxonomy":"post_tag","embeddable":true,"href":"https:\/\/blogs.diariosur.es\/soyfriki\/wp-json\/wp\/v2\/tags?post=50"}],"curies":[{"name":"wp","href":"https:\/\/api.w.org\/{rel}","templated":true}]}}