{"id":500,"date":"2011-11-21T19:45:20","date_gmt":"2011-11-21T18:45:20","guid":{"rendered":"http:\/\/blogs.diariosur.es\/tuenti-facebook\/?p=500"},"modified":"2011-11-21T19:45:20","modified_gmt":"2011-11-21T18:45:20","slug":"camisetas-gratis-en-la-inauguracion-de-la-apple-store-de-marbella","status":"publish","type":"post","link":"https:\/\/blogs.diariosur.es\/soyfriki\/2011\/11\/21\/camisetas-gratis-en-la-inauguracion-de-la-apple-store-de-marbella\/","title":{"rendered":"Camisetas gratis en la inauguraci\u00f3n de la Apple Store de Marbella"},"content":{"rendered":"<p>Este mismo viernes abre sus puertas el<strong><a href=\"http:\/\/www.diariosur.es\/20111121\/local\/marbellaestepona\/apple-inaugura-tienda-marbella-201111211209.html\" target=\"_blank\" rel=\"external nofollow\"> Apple Store La Ca\u00f1ada en Marbella<\/a><\/strong>, como ya os hemos adelantado aqu\u00fa esta ma\u00f1ana. Una superficie de 1.700 metros cuadrados donde probar y comprar los \u00faltimos productos de la manaza, resolver tus dudas y mucho m\u00e1s.<br \/>\n<!--more--><\/p>\n<p>Apple ya anunciado que habr\u00e1 servicio para sacarle todo el partido a tu <strong>Mac, iPhone, iPad y iPod<\/strong> con los programas <strong>One to One<\/strong>, o con el equipo de asesoramiento a empresas. Adem\u00e1s, <strong>los mil primeros visitantes recibir\u00e1n una camiseta conmemorativa de regalo<\/strong>. Para conseguirla no es necesario realizar ninguna compra. \u00a1Pero s\u00f3lo habr\u00e1 mil!<\/p>\n<p>Si ya quieres estrenar los talleres, \u00a0totalmente gratuitos, que sepas que el s\u00e1bado 26 ya est\u00e1n programados el de c<span class=\"Apple-style-span\" style=\"font-size: 11px;\">rear regalos con tus fotos y<\/span>\u00a0<strong>iPhoto<\/strong> (<abbr>11:30<\/abbr> &#8211; <abbr>12:30 horas) y\u00a0<\/abbr><strong><span class=\"Apple-style-span\" style=\"font-size: 11px;\">iCloud\u00a0<\/span><\/strong>(<abbr>17:00<\/abbr> &#8211; <abbr>18:00 horas), c\u00f3mo\u00a0<\/abbr>almacenar tu m\u00fasica, fotos, apps y documentos en la nube.<\/p>\n<p><a href=\"\/soyfriki\/wp-content\/uploads\/sites\/14\/2011\/11\/camisetas-apple-marbella.jpg\"><img loading=\"lazy\" class=\"aligncenter size-full wp-image-502\" title=\"camisetas-apple-marbella\" src=\"\/soyfriki\/wp-content\/uploads\/sites\/14\/2011\/11\/camisetas-apple-marbella.jpg\" alt=\"\" width=\"660\" height=\"357\" srcset=\"https:\/\/static-blogs.diariosur.es\/wp-content\/uploads\/sites\/14\/2011\/11\/camisetas-apple-marbella.jpg 660w, https:\/\/static-blogs.diariosur.es\/wp-content\/uploads\/sites\/14\/2011\/11\/camisetas-apple-marbella-300x162.jpg 300w\" sizes=\"(max-width: 660px) 100vw, 660px\" \/><\/a><\/p>\n","protected":false},"excerpt":{"rendered":"<p>Este mismo viernes abre sus puertas el Apple Store La Ca\u00f1ada en Marbella, como ya os hemos adelantado aqu\u00fa esta ma\u00f1ana. Una superficie de 1.700 metros cuadrados donde probar y comprar los \u00faltimos productos de la manaza, resolver tus dudas y mucho m\u00e1s.<\/p>\n","protected":false},"author":7,"featured_media":0,"comment_status":"open","ping_status":"closed","sticky":false,"template":"","format":"standard","meta":[],"categories":[8],"tags":[47,247,249,250,278,287],"_links":{"self":[{"href":"https:\/\/blogs.diariosur.es\/soyfriki\/wp-json\/wp\/v2\/posts\/500"}],"collection":[{"href":"https:\/\/blogs.diariosur.es\/soyfriki\/wp-json\/wp\/v2\/posts"}],"about":[{"href":"https:\/\/blogs.diariosur.es\/soyfriki\/wp-json\/wp\/v2\/types\/post"}],"author":[{"embeddable":true,"href":"https:\/\/blogs.diariosur.es\/soyfriki\/wp-json\/wp\/v2\/users\/7"}],"replies":[{"embeddable":true,"href":"https:\/\/blogs.diariosur.es\/soyfriki\/wp-json\/wp\/v2\/comments?post=500"}],"version-history":[{"count":0,"href":"https:\/\/blogs.diariosur.es\/soyfriki\/wp-json\/wp\/v2\/posts\/500\/revisions"}],"wp:attachment":[{"href":"https:\/\/blogs.diariosur.es\/soyfriki\/wp-json\/wp\/v2\/media?parent=500"}],"wp:term":[{"taxonomy":"category","embeddable":true,"href":"https:\/\/blogs.diariosur.es\/soyfriki\/wp-json\/wp\/v2\/categories?post=500"},{"taxonomy":"post_tag","embeddable":true,"href":"https:\/\/blogs.diariosur.es\/soyfriki\/wp-json\/wp\/v2\/tags?post=500"}],"curies":[{"name":"wp","href":"https:\/\/api.w.org\/{rel}","templated":true}]}}