{"id":506,"date":"2011-11-23T10:57:12","date_gmt":"2011-11-23T09:57:12","guid":{"rendered":"http:\/\/blogs.diariosur.es\/tuenti-facebook\/?p=506"},"modified":"2011-11-23T10:57:12","modified_gmt":"2011-11-23T09:57:12","slug":"encuentra-trabajo-en-la-apple-store-de-marbella-ofertas-de-empleo","status":"publish","type":"post","link":"https:\/\/blogs.diariosur.es\/soyfriki\/2011\/11\/23\/encuentra-trabajo-en-la-apple-store-de-marbella-ofertas-de-empleo\/","title":{"rendered":"Encuentra trabajo en la Apple Store de Marbella, ofertas de empleo"},"content":{"rendered":"<div id=\"lead-apoyos\">\n<div><span style=\"color: #000000;\"><strong>Apple<\/strong>\u00a0abrir su <strong><a href=\"http:\/\/www.diariosur.es\/20111121\/local\/marbellaestepona\/apple-inaugura-tienda-marbella-201111211209.html\" rel=\"external nofollow\"><span style=\"color: #000000;\">Apple Store en el\u00a0Centro Comercial La Ca\u00f1ada de Marbella<\/span><\/a><\/strong>\u00a0este <strong><a href=\"http:\/\/blogs.diariosur.es\/tuenti-facebook\/2011\/11\/21\/camisetas-gratis-en-la-inauguracion-de-la-apple-store-de-marbella\/\" target=\"_blank\">viernes 25 de noviembre<\/a><\/strong>, con apertura de puertas\u00a0a las 10 de la ma\u00f1ana, seg\u00fan anuncia\u00a0<a href=\"http:\/\/www.apple.com\/es\/retail\/lacanada\/\" rel=\"_nofollow external nofollow\" target=\"_blank\"><span style=\"color: #000000;\">la web de la firma<\/span><\/a>.\u00a0La empresa abri\u00f3 en junio pasado la selecci\u00f3n de personal. En total, unas <strong>65 personas<\/strong> ser\u00e1n los afortunados que encuentren empleo con la marca de sus sue\u00f1os.<\/span><\/div>\n<div><\/div>\n<div><a href=\"\/soyfriki\/wp-content\/uploads\/sites\/14\/2011\/11\/trabajo-empleo-apple.jpg\"><img loading=\"lazy\" class=\"aligncenter size-full wp-image-508\" title=\"trabajo y empleo, ofertas en apple store\" src=\"\/soyfriki\/wp-content\/uploads\/sites\/14\/2011\/11\/trabajo-empleo-apple.jpg\" alt=\"\" width=\"660\" height=\"148\" srcset=\"https:\/\/static-blogs.diariosur.es\/wp-content\/uploads\/sites\/14\/2011\/11\/trabajo-empleo-apple.jpg 660w, https:\/\/static-blogs.diariosur.es\/wp-content\/uploads\/sites\/14\/2011\/11\/trabajo-empleo-apple-300x67.jpg 300w\" sizes=\"(max-width: 660px) 100vw, 660px\" \/><\/a><\/div>\n<div><!--more--><\/div>\n<p>&nbsp;<\/p>\n<div><span style=\"color: #000000;\">Se habla de que muchos de los puestos de la <strong><a href=\"http:\/\/www.diariosur.es\/20111121\/local\/marbellaestepona\/apple-inaugura-tienda-marbella-201111211209.html\" rel=\"external nofollow\"><span style=\"color: #000000;\">Apple Store de Marbella<\/span><\/a><\/strong> ya est\u00e1n cubiertos, pero en\u00a0<a href=\"http:\/\/www.apple.com\/es\/retail\/lacanada\/\" rel=\"_nofollow external nofollow\" target=\"_blank\"><span style=\"color: #000000;\">la web de <strong>Apple<\/strong><\/span><\/a>\u00a0a\u00fan se ofrecen vacantes de<strong> &#8216;leaderships&#8217;<\/strong>, <strong>&#8216;genius&#8217;<\/strong>, <strong>responsables de tienda<\/strong>, <strong>creativos<\/strong>, <strong>especialistas en atenci\u00f3n al cliente<\/strong> y <strong>de inventario<\/strong>.\u00a0Especialistas en <strong>Mac<\/strong>, <strong>iPhone<\/strong>, <strong>iPad<\/strong> y <strong>iPod<\/strong>.<\/span><\/div>\n<div><span style=\"color: #000000;\">No obstante, todav\u00eda se ofertan puestos de trabajo en las <strong>Apple Store<\/strong> de <strong>Parquesur Madrid<\/strong>, <strong>Valencia<\/strong>, <strong>Barcelona<\/strong> y, por supuesto, <strong>La Ca\u00f1ada Marbella<\/strong>. Como dice Apple, para muchos: &#8220;una tienda incre\u00edble, un trabajo incre\u00edble&#8221;. Lo dice la propia Apple, en <strong>Apple Store<\/strong> todos los talentos tienen su s\u00ed, de modo que nunca est\u00e1 de m\u00e1s intentarlo.<\/span><\/div>\n<\/div>\n<div><span style=\"color: #000000;\"><a href=\"http:\/\/www.apple.com\/jobs\/es\/retail.html\" target=\"_blank\" rel=\"external nofollow\"><span style=\"color: #000000;\">Aqu\u00ed tienes el enlace para enviar el curr\u00edculum a Apple >>><\/span><\/a><\/span><\/div>\n","protected":false},"excerpt":{"rendered":"<p>Apple\u00a0abrir su Apple Store en el\u00a0Centro Comercial La Ca\u00f1ada de Marbella\u00a0este viernes 25 de noviembre, con apertura de puertas\u00a0a las 10 de la ma\u00f1ana, seg\u00fan anuncia\u00a0la web de la firma.\u00a0La empresa abri\u00f3 en junio pasado la selecci\u00f3n de personal. En total, unas 65 personas ser\u00e1n los afortunados que encuentren empleo con la marca de sus [&hellip;]<\/p>\n","protected":false},"author":7,"featured_media":0,"comment_status":"open","ping_status":"closed","sticky":false,"template":"","format":"standard","meta":[],"categories":[8],"tags":[47,48,247,249,250,278,463],"_links":{"self":[{"href":"https:\/\/blogs.diariosur.es\/soyfriki\/wp-json\/wp\/v2\/posts\/506"}],"collection":[{"href":"https:\/\/blogs.diariosur.es\/soyfriki\/wp-json\/wp\/v2\/posts"}],"about":[{"href":"https:\/\/blogs.diariosur.es\/soyfriki\/wp-json\/wp\/v2\/types\/post"}],"author":[{"embeddable":true,"href":"https:\/\/blogs.diariosur.es\/soyfriki\/wp-json\/wp\/v2\/users\/7"}],"replies":[{"embeddable":true,"href":"https:\/\/blogs.diariosur.es\/soyfriki\/wp-json\/wp\/v2\/comments?post=506"}],"version-history":[{"count":0,"href":"https:\/\/blogs.diariosur.es\/soyfriki\/wp-json\/wp\/v2\/posts\/506\/revisions"}],"wp:attachment":[{"href":"https:\/\/blogs.diariosur.es\/soyfriki\/wp-json\/wp\/v2\/media?parent=506"}],"wp:term":[{"taxonomy":"category","embeddable":true,"href":"https:\/\/blogs.diariosur.es\/soyfriki\/wp-json\/wp\/v2\/categories?post=506"},{"taxonomy":"post_tag","embeddable":true,"href":"https:\/\/blogs.diariosur.es\/soyfriki\/wp-json\/wp\/v2\/tags?post=506"}],"curies":[{"name":"wp","href":"https:\/\/api.w.org\/{rel}","templated":true}]}}