{"id":518,"date":"2011-11-25T09:00:32","date_gmt":"2011-11-25T08:00:32","guid":{"rendered":"http:\/\/blogs.diariosur.es\/tuenti-facebook\/?p=518"},"modified":"2011-11-25T09:00:32","modified_gmt":"2011-11-25T08:00:32","slug":"apple-store-centro-comercial-la-canada-marbella-fotos","status":"publish","type":"post","link":"https:\/\/blogs.diariosur.es\/soyfriki\/2011\/11\/25\/apple-store-centro-comercial-la-canada-marbella-fotos\/","title":{"rendered":"As\u00ed es la Apple Store que inaugura el Centro Comercial La Ca\u00f1ada en Marbella"},"content":{"rendered":"<p>Ya, como se suele decir, est\u00e1 todo el &#8216;pescao&#8217;vend\u00edo&#8217; y la manzana muy sobada. Pero nunca est\u00e1 de m\u00e1s recordar los datos de la que ser\u00e1 <a href=\"http:\/\/www.diariosur.es\/20111121\/local\/marbellaestepona\/apple-inaugura-tienda-marbella-201111211209.html\" rel=\"external nofollow\">la <strong>Apple Store<\/strong> m\u00e1s grande de Espa\u00f1a<\/a>, y que se inaugura hoy, <strong>25 de noviembre a las 10 horas<\/strong>, en <strong>Marbella<\/strong>. Todo lo que vas a encontrar all\u00ed y las mejores im\u00e1genes de la <strong>tienda<\/strong>, porque adem\u00e1s la gente ya ha empezado a colgar en <strong>Twitter<\/strong> las primeras instant\u00e1neas del establecimiento. \u00a1S\u00ed!<!--more--><\/p>\n<p>Y as\u00ed, recopilando informaci\u00f3n, me he encontrado con la foto de <strong>@Max_Sainz<\/strong>, que como otros usuarios de <strong>Twitter<\/strong> me ha demostrado que <strong>Apple<\/strong> le ha quitado algo de la magia a su tienda, levantando el tel\u00f3n de la fachada a pocas horas de la apertura. Y, por supuesto, no han faltado curiosos en el escaparate.<\/p>\n<div id=\"attachment_519\" style=\"width: 670px\" class=\"wp-caption aligncenter\"><a href=\"\/soyfriki\/wp-content\/uploads\/sites\/14\/2011\/11\/apple-marbella-max_sainz.jpg\"><img aria-describedby=\"caption-attachment-519\" loading=\"lazy\" class=\"aligncenter size-full wp-image-534\" title=\"apple marbella inauguracion\" src=\"\/soyfriki\/wp-content\/uploads\/sites\/14\/2011\/11\/apple-marbella-max_sainz-e1322208497734.jpg\" alt=\"\" width=\"660\" height=\"441\" srcset=\"https:\/\/static-blogs.diariosur.es\/wp-content\/uploads\/sites\/14\/2011\/11\/apple-marbella-max_sainz-e1322208497734.jpg 660w, https:\/\/static-blogs.diariosur.es\/wp-content\/uploads\/sites\/14\/2011\/11\/apple-marbella-max_sainz-e1322208497734-300x200.jpg 300w\" sizes=\"(max-width: 660px) 100vw, 660px\" \/><\/a><p id=\"caption-attachment-519\" class=\"wp-caption-text\">Foto tomada en el escaparate de la Apple Store de Marbella \/ Twitter:: Max_Sainz<\/p><\/div>\n<p>El caso es que esta <strong>Apple Store<\/strong> est\u00e1 llamada a ser la m\u00e1s grande de <strong>Espa\u00f1a<\/strong>, con sus\u00a01.700 metros cuadrados para mostrar lo mejor de\u00a0<strong>Mac, iPhones, iPods y iPads<\/strong> y albergar sus\u00a0servicios\u00a0<strong>&#8216;One to One&#8217;, los\u00a0talleres, el\u00a0&#8216;Genius Bar&#8217;<\/strong>, los\u00a0programas\u00a0para j\u00f3venes y los\u00a0servicios especializados\u00a0para empresas.<\/p>\n<p>Apple abri\u00f3 en junio pasado la selecci\u00f3n de personal y <a href=\"http:\/\/blogs.diariosur.es\/tuenti-facebook\/2011\/11\/23\/encuentra-trabajo-en-la-apple-store-de-marbella-ofertas-de-empleo\/\"><strong>65 personas trabajar\u00e1n para la marca<\/strong> <\/a>de la manzana en Marbella.\u00a0\u00a0Durante la jornada de inauguraci\u00f3n pueden pasar por la<strong>\u00a0tienda Apple\u00a0<\/strong>entre 4.000 y 5.000 personas, y para los mil primeros <a href=\"http:\/\/blogs.diariosur.es\/tuenti-facebook\/2011\/11\/21\/camisetas-gratis-en-la-inauguracion-de-la-apple-store-de-marbella\/\">habr\u00e1<strong> camisetas gratis<\/strong><\/a>.<\/p>\n<p>Si no puedes estar all\u00ed durante la inauguraci\u00f3n -como yo :( \u00a0&#8211; quiz\u00e1 te conformes viendo c\u00f3mo ser\u00e1 esta <strong>Apple Store<\/strong> <strong>Marbella<\/strong> por dentro. Me he basado en im\u00e1genes de <strong>Madrid, Legan\u00e9s y Barcelona<\/strong>, y con aportaciones de la p\u00e1gina web de<strong> Apple, Applesfera, Emeshing.com, Qu\u00e9.es y el BlogdelSwitcher.com<\/strong>. Espero que sirvan para poneros los dientes largos.<\/p>\n\n\t\t<style type=\"text\/css\">\n\t\t\t#gallery-1 {\n\t\t\t\tmargin: auto;\n\t\t\t}\n\t\t\t#gallery-1 .gallery-item {\n\t\t\t\tfloat: left;\n\t\t\t\tmargin-top: 10px;\n\t\t\t\ttext-align: center;\n\t\t\t\twidth: 33%;\n\t\t\t}\n\t\t\t#gallery-1 img {\n\t\t\t\tborder: 2px solid #cfcfcf;\n\t\t\t}\n\t\t\t#gallery-1 .gallery-caption {\n\t\t\t\tmargin-left: 0;\n\t\t\t}\n\t\t\t\/* see gallery_shortcode() in wp-includes\/media.php *\/\n\t\t<\/style>\n\t\t<div id='gallery-1' class='gallery galleryid-518 gallery-columns-3 gallery-size-thumbnail'><dl class='gallery-item'>\n\t\t\t<dt class='gallery-icon landscape'>\n\t\t\t\t<a href=\"https:\/\/static-blogs.diariosur.es\/wp-content\/uploads\/sites\/14\/2011\/11\/apple-marbella-max_sainz-e1322208497734.jpg\"><img width=\"150\" height=\"150\" src=\"https:\/\/static-blogs.diariosur.es\/wp-content\/uploads\/sites\/14\/2011\/11\/apple-marbella-max_sainz-e1322208497734-150x150.jpg\" class=\"attachment-thumbnail size-thumbnail\" alt=\"\" loading=\"lazy\" \/><\/a>\n\t\t\t<\/dt><\/dl><dl class='gallery-item'>\n\t\t\t<dt class='gallery-icon landscape'>\n\t\t\t\t<a href=\"https:\/\/static-blogs.diariosur.es\/wp-content\/uploads\/sites\/14\/2011\/11\/applestore-madrid-technologic.jpg\"><img width=\"150\" height=\"150\" src=\"https:\/\/static-blogs.diariosur.es\/wp-content\/uploads\/sites\/14\/2011\/11\/applestore-madrid-technologic-150x150.jpg\" class=\"attachment-thumbnail size-thumbnail\" alt=\"As\u00ed ser\u00e1 la Apple Store de Marbella\" loading=\"lazy\" \/><\/a>\n\t\t\t<\/dt><\/dl><dl class='gallery-item'>\n\t\t\t<dt class='gallery-icon landscape'>\n\t\t\t\t<a href=\"https:\/\/static-blogs.diariosur.es\/wp-content\/uploads\/sites\/14\/2011\/11\/applestore-lamaquinista-applesfera.jpg\"><img width=\"150\" height=\"150\" src=\"https:\/\/static-blogs.diariosur.es\/wp-content\/uploads\/sites\/14\/2011\/11\/applestore-lamaquinista-applesfera-150x150.jpg\" class=\"attachment-thumbnail size-thumbnail\" alt=\"As\u00ed ser\u00e1 la Apple Store de Marbella\" loading=\"lazy\" \/><\/a>\n\t\t\t<\/dt><\/dl><br style=\"clear: both\" \/><dl class='gallery-item'>\n\t\t\t<dt class='gallery-icon landscape'>\n\t\t\t\t<a href=\"https:\/\/static-blogs.diariosur.es\/wp-content\/uploads\/sites\/14\/2011\/11\/applestore-leganes-rincondeliphone.jpg\"><img width=\"150\" height=\"150\" src=\"https:\/\/static-blogs.diariosur.es\/wp-content\/uploads\/sites\/14\/2011\/11\/applestore-leganes-rincondeliphone-150x150.jpg\" class=\"attachment-thumbnail size-thumbnail\" alt=\"As\u00ed ser\u00e1 la Apple Store de Marbella\" loading=\"lazy\" \/><\/a>\n\t\t\t<\/dt><\/dl><dl class='gallery-item'>\n\t\t\t<dt class='gallery-icon landscape'>\n\t\t\t\t<a href=\"https:\/\/static-blogs.diariosur.es\/wp-content\/uploads\/sites\/14\/2011\/11\/applestore-madrid-que.jpg\"><img width=\"150\" height=\"150\" src=\"https:\/\/static-blogs.diariosur.es\/wp-content\/uploads\/sites\/14\/2011\/11\/applestore-madrid-que-150x150.jpg\" class=\"attachment-thumbnail size-thumbnail\" alt=\"As\u00ed ser\u00e1 la Apple Store de Marbella\" loading=\"lazy\" \/><\/a>\n\t\t\t<\/dt><\/dl><dl class='gallery-item'>\n\t\t\t<dt class='gallery-icon landscape'>\n\t\t\t\t<a href=\"https:\/\/static-blogs.diariosur.es\/wp-content\/uploads\/sites\/14\/2011\/11\/applestore-lamaquinista-emeshing1.jpg\"><img width=\"150\" height=\"150\" src=\"https:\/\/static-blogs.diariosur.es\/wp-content\/uploads\/sites\/14\/2011\/11\/applestore-lamaquinista-emeshing1-150x150.jpg\" class=\"attachment-thumbnail size-thumbnail\" alt=\"As\u00ed ser\u00e1 la Apple Store de Marbella\" loading=\"lazy\" \/><\/a>\n\t\t\t<\/dt><\/dl><br style=\"clear: both\" \/><dl class='gallery-item'>\n\t\t\t<dt class='gallery-icon landscape'>\n\t\t\t\t<a href=\"https:\/\/static-blogs.diariosur.es\/wp-content\/uploads\/sites\/14\/2011\/11\/applestore-xanadu-elblogdeswitcher.jpg\"><img width=\"150\" height=\"150\" src=\"https:\/\/static-blogs.diariosur.es\/wp-content\/uploads\/sites\/14\/2011\/11\/applestore-xanadu-elblogdeswitcher-150x150.jpg\" class=\"attachment-thumbnail size-thumbnail\" alt=\"\" loading=\"lazy\" \/><\/a>\n\t\t\t<\/dt><\/dl><dl class='gallery-item'>\n\t\t\t<dt class='gallery-icon landscape'>\n\t\t\t\t<a href=\"https:\/\/static-blogs.diariosur.es\/wp-content\/uploads\/sites\/14\/2011\/11\/applestore-lamaquinista-emeshing2.jpg\"><img width=\"150\" height=\"150\" src=\"https:\/\/static-blogs.diariosur.es\/wp-content\/uploads\/sites\/14\/2011\/11\/applestore-lamaquinista-emeshing2-150x150.jpg\" class=\"attachment-thumbnail size-thumbnail\" alt=\"As\u00ed ser\u00e1 la Apple Store de Marbella\" loading=\"lazy\" \/><\/a>\n\t\t\t<\/dt><\/dl><dl class='gallery-item'>\n\t\t\t<dt class='gallery-icon landscape'>\n\t\t\t\t<a href=\"https:\/\/static-blogs.diariosur.es\/wp-content\/uploads\/sites\/14\/2011\/11\/applestore-leganes-jrbertolo.jpg\"><img width=\"150\" height=\"150\" src=\"https:\/\/static-blogs.diariosur.es\/wp-content\/uploads\/sites\/14\/2011\/11\/applestore-leganes-jrbertolo-150x150.jpg\" class=\"attachment-thumbnail size-thumbnail\" alt=\"As\u00ed ser\u00e1 la Apple Store de Marbella\" loading=\"lazy\" \/><\/a>\n\t\t\t<\/dt><\/dl><br style=\"clear: both\" \/><dl class='gallery-item'>\n\t\t\t<dt class='gallery-icon landscape'>\n\t\t\t\t<a href=\"https:\/\/static-blogs.diariosur.es\/wp-content\/uploads\/sites\/14\/2011\/11\/applestore-lamaquinista-emeshing3.jpg\"><img width=\"150\" height=\"150\" src=\"https:\/\/static-blogs.diariosur.es\/wp-content\/uploads\/sites\/14\/2011\/11\/applestore-lamaquinista-emeshing3-150x150.jpg\" class=\"attachment-thumbnail size-thumbnail\" alt=\"As\u00ed ser\u00e1 la Apple Store de Marbella\" loading=\"lazy\" \/><\/a>\n\t\t\t<\/dt><\/dl>\n\t\t\t<br style='clear: both' \/>\n\t\t<\/div>\n\n","protected":false},"excerpt":{"rendered":"<p>Ya, como se suele decir, est\u00e1 todo el &#8216;pescao&#8217;vend\u00edo&#8217; y la manzana muy sobada. Pero nunca est\u00e1 de m\u00e1s recordar los datos de la que ser\u00e1 la Apple Store m\u00e1s grande de Espa\u00f1a, y que se inaugura hoy, 25 de noviembre a las 10 horas, en Marbella. Todo lo que vas a encontrar all\u00ed y [&hellip;]<\/p>\n","protected":false},"author":7,"featured_media":0,"comment_status":"open","ping_status":"closed","sticky":false,"template":"","format":"standard","meta":[],"categories":[9],"tags":[47,247,249,278,281,483],"_links":{"self":[{"href":"https:\/\/blogs.diariosur.es\/soyfriki\/wp-json\/wp\/v2\/posts\/518"}],"collection":[{"href":"https:\/\/blogs.diariosur.es\/soyfriki\/wp-json\/wp\/v2\/posts"}],"about":[{"href":"https:\/\/blogs.diariosur.es\/soyfriki\/wp-json\/wp\/v2\/types\/post"}],"author":[{"embeddable":true,"href":"https:\/\/blogs.diariosur.es\/soyfriki\/wp-json\/wp\/v2\/users\/7"}],"replies":[{"embeddable":true,"href":"https:\/\/blogs.diariosur.es\/soyfriki\/wp-json\/wp\/v2\/comments?post=518"}],"version-history":[{"count":0,"href":"https:\/\/blogs.diariosur.es\/soyfriki\/wp-json\/wp\/v2\/posts\/518\/revisions"}],"wp:attachment":[{"href":"https:\/\/blogs.diariosur.es\/soyfriki\/wp-json\/wp\/v2\/media?parent=518"}],"wp:term":[{"taxonomy":"category","embeddable":true,"href":"https:\/\/blogs.diariosur.es\/soyfriki\/wp-json\/wp\/v2\/categories?post=518"},{"taxonomy":"post_tag","embeddable":true,"href":"https:\/\/blogs.diariosur.es\/soyfriki\/wp-json\/wp\/v2\/tags?post=518"}],"curies":[{"name":"wp","href":"https:\/\/api.w.org\/{rel}","templated":true}]}}