{"id":537,"date":"2011-12-02T18:14:11","date_gmt":"2011-12-02T17:14:11","guid":{"rendered":"http:\/\/blogs.diariosur.es\/soyfriki\/?p=537"},"modified":"2011-12-02T18:14:11","modified_gmt":"2011-12-02T17:14:11","slug":"mi-jefe-quiere-ser-mi-amigo-en-facebook-que-debo-hacer","status":"publish","type":"post","link":"https:\/\/blogs.diariosur.es\/soyfriki\/2011\/12\/02\/mi-jefe-quiere-ser-mi-amigo-en-facebook-que-debo-hacer\/","title":{"rendered":"Mi jefe quiere ser mi amigo en Facebook, \u00bfqu\u00e9 debo hacer?"},"content":{"rendered":"<p>Es un d\u00eda para hablar de estas cosas, porque es viernes. <strong>\u00bfDebes agregar a tu jefe en Facebook?<\/strong> Pues no existe un libro de estilo, porque depende de qui\u00e9n seas t\u00fa, pero un estudio realizado por <strong>Adecco<\/strong> revela muchos de los <strong>miedos de los empleados<\/strong> frente a sus empleadores y de cosas que te pueden ocurrir si no eres demasiado coherente. <strong>\u00a1Empleados que han sido despedidos<\/strong> por sus comentarios negativos en las redes sociales! Como es normal red social en la que los andaluces, con mayor frecuencia, tienen agregado a su jefe es <strong>Facebook<\/strong>, con el 14,44% de las respuestas de los encuestados.<!--more--><\/p>\n<p>Pero hay vida despu\u00e9s de <strong>Facebook<\/strong>, aunque a enorme distancia. Primero en la lista est\u00e1 <strong>Linked In<\/strong>, lo cual resulta curioso ya que a\u00fan siendo una red especializada en relaciones profesionales, tan solo aglutina al 4,09 de los encuestados. Le sigue muy de cerca <strong>Twitter<\/strong>, con el 2,45%. Menos adeptos tienen -para los empleados que agregan a sus jefes- redes como <strong>Tuenti<\/strong> (2,72%), <strong>MySpace<\/strong> (1,09%) o <strong>Badoo<\/strong> (1,09%).<\/p>\n<p>El 40,05% de los encuestados andaluces se considera<strong> amigo de su jefe<\/strong>, frente a un 59,9% que limita su relaci\u00f3n al \u00e1mbito profesional. Por comunidades, el 28,17% de los manchegos, el 22,22% de los canarios y el 21,76% de los valencianos reconoce contar con su superior como amigo virtual, los porcentajes m\u00e1s altos de toda Espa\u00f1a.<\/p>\n<p><strong>Un poco de historia de las redes sociales<\/strong><\/p>\n<p>Desde que en 1995 se creara la primera red social, \u00e9stas han ido posicion\u00e1ndose cada vez m\u00e1s como herramientas de relaci\u00f3n interpersonal para los internautas. Pero, fuera de la empresa, \u00bftienen los empleados espa\u00f1oles relaci\u00f3n con su jefe? \u00bfcomparten aficiones, tiempo de ocio o, simplemente, mantienen una relaci\u00f3n extra profesional?<\/p>\n<p><strong>Adecco<\/strong>, a trav\u00e9s de una encuesta realizada a 2.020 trabajadores usuarios de Internet, ha querido averiguar cu\u00e1ntos espa\u00f1oles se relacionan con sus superiores fuera del horario de trabajo, ya sea a trav\u00e9s de las redes sociales o compartiendo actividades comunes fuera de la oficina.<\/p>\n<p><strong>\u00bfDebo confirmar una petici\u00f3n de amistad?<\/strong><\/p>\n<p>Los trabajadores encuestados por <strong>Adecco<\/strong> lo tienen muy claro: s\u00f3lo el 18,26% de los andaluces que trabaja afirma que tiene agregado a su jefe en una <strong>red social<\/strong>, frente al 81,74% que indica lo contrario. Estos datos coinciden con la media nacional que se encuentra respectivamente en el 18,04% de los espa\u00f1oles que tiene agregado a su jefe, frente al 81,96% de los que no lo tienen.<\/p>\n<p>Del total nacional, los hombres, en mayor medida que las mujeres, confiesan tener como amigo en alguna de las redes sociales a su jefe, concretamente el 20,20% de ellos. Las mujeres, por su parte, son m\u00e1s reacias a agregar estos perfiles a su cuenta online. Las personas m\u00e1s j\u00f3venes (de 18 a 34 a\u00f1os) y con un nivel de estudios superior, son aqu\u00e9llas que, en mayor medida, cuentan con sus jefes como contactos de las redes sociales.<\/p>\n<p>Y es que este es un tema que causa pol\u00e9mica y genera inter\u00e9s en todo el mundo; seg\u00fan un estudio realizado por<strong> Liberty Mutual\u2019s Responsibility Project en Estados Unidos<\/strong>, todo depende de la relaci\u00f3n laboral que se tenga con la otra persona: un 56% de los encuestados considera que es irresponsable ser amigo del jefe en alguna red social y el 62% opina que est\u00e1 mal que el jefe tenga como contactos a sus empleados, sin embargo, para el 76% no hay ning\u00fan problema en ser amigo de compa\u00f1eros del mismo nivel en una red social.<\/p>\n<p>No cabe duda de que aceptar al jefe en <strong>Facebook<\/strong> tiene ciertos riesgos de los que los empleados deben de ser conscientes, sobre todo a la hora de hablar de la situaci\u00f3n laboral personal o realizar cr\u00edticas sobre el trabajo. La red social es como un escaparate abierto a la vida del empleado que muestra todas sus facetas, tanto positivas como negativas y que puede influir en la percepci\u00f3n que el superior tiene sobre el empleado.<\/p>\n<p>Este hecho, ha motivado incluso <strong>sentencias<\/strong> (en EE.UU.) que protegen y devuelven a su puesto de trabajo a los empleados que han sido despedidos por sus comentarios negativos en las redes sociales.<\/p>\n<p><a href=\"\/soyfriki\/wp-content\/uploads\/sites\/14\/2011\/12\/redes-sociales.jpg\"><img loading=\"lazy\" class=\"aligncenter size-full wp-image-538\" title=\"Estudio trabajadores y su relaci\u00f3n con sus jefes en redes sociales (Adecco)\" src=\"\/soyfriki\/wp-content\/uploads\/sites\/14\/2011\/12\/redes-sociales.jpg\" alt=\"Estudio trabajadores y su relaci\u00f3n con sus jefes en redes sociales (Adecco)\" width=\"660\" height=\"307\" srcset=\"https:\/\/static-blogs.diariosur.es\/wp-content\/uploads\/sites\/14\/2011\/12\/redes-sociales.jpg 660w, https:\/\/static-blogs.diariosur.es\/wp-content\/uploads\/sites\/14\/2011\/12\/redes-sociales-300x140.jpg 300w\" sizes=\"(max-width: 660px) 100vw, 660px\" \/><\/a><\/p>\n<p><strong>\u00bfCu\u00e1les son las redes sociales elegidas?<\/strong><\/p>\n<p>Resulta interesante analizar cuales son las redes sociales m\u00e1s proclives a que los empleados decidan aceptar a sus jefes entre sus contactos, puesto que no todas las redes tienen el mismo componente social y, algunas incluso, son de corte profesional.<\/p>\n<p>En l\u00edneas generales, la red social en la que los andaluces, con mayor frecuencia tienen agregado a su jefe, es la que tambi\u00e9n tiene mayor penetraci\u00f3n en toda Espa\u00f1a: <strong>Facebook<\/strong>, con el 14,44%. A enorme distancia le sigue Linked In.<\/p>\n<p>El mayor n\u00famero de personas que tienen a<strong>gregados a sus jefes en redes sociales<\/strong>, seguir\u00eda la siguiente distribuci\u00f3n provincial: Sevilla (27,25%), <strong>M\u00e1laga (17,71%)<\/strong>, C\u00e1diz (19,35%), Granada (9,81%) Almer\u00eda (8,45%), Huelva (5,45%) y C\u00f3rdoba (5,18%).<\/p>\n<p><strong>Los jefes, \u00bfamigos fuera del trabajo?<\/strong><\/p>\n<p>\u00bfSon los andaluces propensos a pasar tiempo fuera del trabajo con nuestros superiores? \u00bfLlevan su relaci\u00f3n con el jefe m\u00e1s all\u00e1 de lo profesional? El 40,05% de los encuestados\u00a0 se considera<strong> amigo de su jefe<\/strong>, frente a un 59,9% que limita su relaci\u00f3n al \u00e1mbito profesional.<\/p>\n<p>Sin embargo, de estos trabajadores que pasan tiempo con su jefe fuera del trabajo, un 13,90% confiesa que no le gusta hacerlo, frente al 30,52% que s\u00ed que disfruta de esas horas de ocio compartido. Adem\u00e1s, un 26,70% de los encuestados admite que actualmente no pasa tiempo con su superior pero que le gustar\u00eda poder hacerlo.<\/p>\n<p>El 18,04% de los espa\u00f1oles que trabaja reconoce tener agregado a su jefe a trav\u00e9s de alguna <strong>red social<\/strong>. Por comunidades, el 28,17% de los manchegos, el 22,22% de los canarios y el 21,76% de los valencianos reconoce contar con su superior como amigo virtual, los porcentajes m\u00e1s altos de toda Espa\u00f1a. Por el contrario, el 92,3% de los riojanos, el 90,38% de los asturianos y el 88,73% de los gallegos son quienes menos cuentan con este tipo de perfiles entre sus amigos de las redes sociales.<\/p>\n","protected":false},"excerpt":{"rendered":"<p>Es un d\u00eda para hablar de estas cosas, porque es viernes. \u00bfDebes agregar a tu jefe en Facebook? Pues no existe un libro de estilo, porque depende de qui\u00e9n seas t\u00fa, pero un estudio realizado por Adecco revela muchos de los miedos de los empleados frente a sus empleadores y de cosas que te pueden [&hellip;]<\/p>\n","protected":false},"author":7,"featured_media":0,"comment_status":"open","ping_status":"closed","sticky":false,"template":"","format":"standard","meta":[],"categories":[10],"tags":[55,158,165,271,317,483],"_links":{"self":[{"href":"https:\/\/blogs.diariosur.es\/soyfriki\/wp-json\/wp\/v2\/posts\/537"}],"collection":[{"href":"https:\/\/blogs.diariosur.es\/soyfriki\/wp-json\/wp\/v2\/posts"}],"about":[{"href":"https:\/\/blogs.diariosur.es\/soyfriki\/wp-json\/wp\/v2\/types\/post"}],"author":[{"embeddable":true,"href":"https:\/\/blogs.diariosur.es\/soyfriki\/wp-json\/wp\/v2\/users\/7"}],"replies":[{"embeddable":true,"href":"https:\/\/blogs.diariosur.es\/soyfriki\/wp-json\/wp\/v2\/comments?post=537"}],"version-history":[{"count":0,"href":"https:\/\/blogs.diariosur.es\/soyfriki\/wp-json\/wp\/v2\/posts\/537\/revisions"}],"wp:attachment":[{"href":"https:\/\/blogs.diariosur.es\/soyfriki\/wp-json\/wp\/v2\/media?parent=537"}],"wp:term":[{"taxonomy":"category","embeddable":true,"href":"https:\/\/blogs.diariosur.es\/soyfriki\/wp-json\/wp\/v2\/categories?post=537"},{"taxonomy":"post_tag","embeddable":true,"href":"https:\/\/blogs.diariosur.es\/soyfriki\/wp-json\/wp\/v2\/tags?post=537"}],"curies":[{"name":"wp","href":"https:\/\/api.w.org\/{rel}","templated":true}]}}