{"id":539,"date":"2011-12-06T18:26:55","date_gmt":"2011-12-06T17:26:55","guid":{"rendered":"http:\/\/blogs.diariosur.es\/soyfriki\/?p=539"},"modified":"2011-12-06T18:26:55","modified_gmt":"2011-12-06T17:26:55","slug":"que-piensan-los-periodistas-y-lideres-de-opinion-sobre-las-redes-sociales","status":"publish","type":"post","link":"https:\/\/blogs.diariosur.es\/soyfriki\/2011\/12\/06\/que-piensan-los-periodistas-y-lideres-de-opinion-sobre-las-redes-sociales\/","title":{"rendered":"\u00bfQu\u00e9 piensan los periodistas y l\u00edderes de opini\u00f3n sobre las redes sociales?"},"content":{"rendered":"<p>Hace poco se ha publicado el bar\u00f3metro<strong> &#8216;El profesional de la informaci\u00f3n en la era 2.0&#8217;<\/strong>, con un resultado que resume a la perfecci\u00f3n lo que a veces oigo por parte de la vieja guardia, y es que\u00a0<span style=\"text-decoration: underline;\">6 de cada 10 profesionales consideran que <strong>los canales sociales<\/strong> han influido negativamente en los medios tradicionales<\/span>.<!--more--><\/p>\n<p>Publicado por la agencia de comunicaci\u00f3n\u00a0<strong>AxiCom\u00a0<\/strong>en colaboraci\u00f3n con\u00a0<strong>ANEI<\/strong> (Asociaci\u00f3n Nacional de Empresas de Internet), se ha analizado c\u00f3mo han afectado las<strong> nuevas herramientas y canales<\/strong> en el perfil profesional de <strong>periodistas<\/strong> y <strong>l\u00edderes de opini\u00f3n<\/strong>.<\/p>\n<p>Pues bien, uno de cada cuatro afirma que ha tenido que comenzar a utilizar las redes sociales por obligaci\u00f3n profesional y las principales conclusiones apuntan como, a pesar de que los profesionales de la informaci\u00f3n\u00a0valoran positivamente la incursi\u00f3n de <strong>blogs\u00a0<\/strong>(87%)\u00a0y<strong> redes sociales<\/strong>\u00a0(90%), m\u00e1s de la mitad de los encuestados ha manifestado que\u00a0el papel de las <strong>redes sociales<\/strong> est\u00e1 sobrevalorado\u00a0\u2013 si bien el 65% de los profesionales que se definen <strong>blogueros<\/strong>, no est\u00e1n de acuerdo con esta afirmaci\u00f3n.<\/p>\n<p>Por otra parte, el estudio revela como un 62% de los profesionales consideran que los nuevos <strong>canales de comunicaci\u00f3n sociales<\/strong>\u00a0han influido negativamente\u00a0en los medios tradicionales; aunque en el caso de los <strong>blogueros<\/strong>, las opiniones se dividen por igual a favor y en contra.<\/p>\n<p>Casi un 80% coincide en que las<strong> redes sociales<\/strong>\u00a0han transformado el papel de los medios de comunicaci\u00f3n y el 45% estima que, con las <strong>redes sociales<\/strong>,\u00a0se pierde el papel de la primicia.<\/p>\n<p>No obstante\u00a0tambi\u00e9n encuentran ventajas\u00a0a la aparici\u00f3n de estas nuevas herramientas, principalmente:<\/p>\n<ul>\n<li>Aportan mayor inmediatez (90%)<\/li>\n<li>Suponen nuevos canales de difusi\u00f3n (98%)<\/li>\n<li>Son una v\u00eda de mayor alcance de la informaci\u00f3n (89%)<\/li>\n<li>Suponen una buena forma de detectar corrientes informativas (89%).<\/li>\n<\/ul>\n<p>El 58% de los profesionales de la informaci\u00f3n utiliza\u00a0<strong>Twitter\u00a0<\/strong>como fuente de informaci\u00f3n y tambi\u00e9n como altavoz para difundir sus art\u00edculos (62%).\u00a0El 55% declara como\u00a0<strong>LinkedIn\u00a0<\/strong>es su red social seleccionada para relacionarse con personas o empresas de su inter\u00e9s (55%).\u00a0<strong>Facebook\u00a0<\/strong>lo mantienen para el entretenimiento (55%) o mantenerse en contacto con sus amistades (66%).<\/p>\n<p><strong>Google+<\/strong>, <strong>Tuenti<\/strong>, <strong>Xing<\/strong>, <strong>Hi5<\/strong> o <strong>MySpace<\/strong>, a penas tienen presencia en la actividad de los encuestados.<\/p>\n<p>En cuanto a los dispositivos m\u00e1s utilizados para este fin son el\u00a0<strong>PC<\/strong>, tanto en el trabajo (84%) como en casa (83%), aunque los <strong>smartphones\u00a0<\/strong>van ganando enteros y ya se sit\u00faan en el 50% los personales, y el 19% desde los del trabajo. Por su parte los\u00a0<strong>tablet\u00a0<\/strong>poco a poco van ganando terreno y ya suponen un 28% (uso profesional junto con el personal).<\/p>\n<p><a href=\"\/soyfriki\/wp-content\/uploads\/sites\/14\/2011\/12\/periodismo-redes-sociales.jpg\"><img loading=\"lazy\" class=\"aligncenter size-full wp-image-540\" title=\"periodismo-redes-sociales\" src=\"\/soyfriki\/wp-content\/uploads\/sites\/14\/2011\/12\/periodismo-redes-sociales.jpg\" alt=\"\" width=\"660\" height=\"425\" srcset=\"https:\/\/static-blogs.diariosur.es\/wp-content\/uploads\/sites\/14\/2011\/12\/periodismo-redes-sociales.jpg 660w, https:\/\/static-blogs.diariosur.es\/wp-content\/uploads\/sites\/14\/2011\/12\/periodismo-redes-sociales-300x193.jpg 300w\" sizes=\"(max-width: 660px) 100vw, 660px\" \/><\/a><\/p>\n<p>En cuanto a sus previsiones, el 74% considera que<strong>\u00a0los medios online<\/strong> dentro de 5 a\u00f1os ser\u00e1n los l\u00edderes\u00a0del panorama medi\u00e1tico espa\u00f1ol. Tambi\u00e9n en que los principales aspectos que har\u00e1n sobrevivir y definir\u00e1n al\u00a0periodista en la era <strong>2.0<\/strong>\u00a0ser\u00e1n la <strong>credibilidad<\/strong> (39%) y el<strong> rigor informativo<\/strong> (28%).<\/p>\n<p>Y este cuadro seguro que os resulta de inteerfil del profesional de la informaci\u00f3n en Espa\u00f1a:<\/p>\n<table border=\"1\" cellspacing=\"1\" cellpadding=\"1\">\n<tbody>\n<tr>\n<td>\n<ul>\n<li>Tiene entre 30 y 50 a\u00f1os.<\/li>\n<\/ul>\n<\/td>\n<\/tr>\n<tr>\n<td>\n<ul>\n<li>Se conecta a <strong>internet<\/strong> a diario.<\/li>\n<\/ul>\n<\/td>\n<\/tr>\n<tr>\n<td>\n<ul>\n<li>Tiene un <strong>blog<\/strong> de car\u00e1cter profesional.<\/li>\n<\/ul>\n<\/td>\n<\/tr>\n<tr>\n<td>\n<ul>\n<li>Utiliza las <strong>redes sociales<\/strong> especialmente por inter\u00e9s personal tanto en casa como en el trabajo.<\/li>\n<\/ul>\n<\/td>\n<\/tr>\n<tr>\n<td>\n<ul>\n<li>Las redes sociales que m\u00e1s utiliza son <strong>Twitter, Facebook <\/strong>y<strong> LinkedIn<\/strong><\/li>\n<\/ul>\n<\/td>\n<\/tr>\n<tr>\n<td>\n<ul>\n<li>Lleva activo en las <strong>redes sociales<\/strong> m\u00e1s de 2 a\u00f1os.<\/li>\n<\/ul>\n<\/td>\n<\/tr>\n<tr>\n<td>\n<ul>\n<li>Utiliza las <strong>redes sociales<\/strong> habitualmente en el desarrollo de su trabajo.<\/li>\n<\/ul>\n<\/td>\n<\/tr>\n<tr>\n<td>\n<ul>\n<li>Se conecta desde el<strong> PC y el m\u00f3vil<\/strong>.<\/li>\n<\/ul>\n<\/td>\n<\/tr>\n<\/tbody>\n<\/table>\n","protected":false},"excerpt":{"rendered":"<p>Hace poco se ha publicado el bar\u00f3metro &#8216;El profesional de la informaci\u00f3n en la era 2.0&#8217;, con un resultado que resume a la perfecci\u00f3n lo que a veces oigo por parte de la vieja guardia, y es que\u00a06 de cada 10 profesionales consideran que los canales sociales han influido negativamente en los medios tradicionales.<\/p>\n","protected":false},"author":7,"featured_media":0,"comment_status":"open","ping_status":"closed","sticky":false,"template":"","format":"standard","meta":[],"categories":[8,10],"tags":[69,165,177,202,247,249,271,600,529],"_links":{"self":[{"href":"https:\/\/blogs.diariosur.es\/soyfriki\/wp-json\/wp\/v2\/posts\/539"}],"collection":[{"href":"https:\/\/blogs.diariosur.es\/soyfriki\/wp-json\/wp\/v2\/posts"}],"about":[{"href":"https:\/\/blogs.diariosur.es\/soyfriki\/wp-json\/wp\/v2\/types\/post"}],"author":[{"embeddable":true,"href":"https:\/\/blogs.diariosur.es\/soyfriki\/wp-json\/wp\/v2\/users\/7"}],"replies":[{"embeddable":true,"href":"https:\/\/blogs.diariosur.es\/soyfriki\/wp-json\/wp\/v2\/comments?post=539"}],"version-history":[{"count":0,"href":"https:\/\/blogs.diariosur.es\/soyfriki\/wp-json\/wp\/v2\/posts\/539\/revisions"}],"wp:attachment":[{"href":"https:\/\/blogs.diariosur.es\/soyfriki\/wp-json\/wp\/v2\/media?parent=539"}],"wp:term":[{"taxonomy":"category","embeddable":true,"href":"https:\/\/blogs.diariosur.es\/soyfriki\/wp-json\/wp\/v2\/categories?post=539"},{"taxonomy":"post_tag","embeddable":true,"href":"https:\/\/blogs.diariosur.es\/soyfriki\/wp-json\/wp\/v2\/tags?post=539"}],"curies":[{"name":"wp","href":"https:\/\/api.w.org\/{rel}","templated":true}]}}