{"id":551,"date":"2011-12-15T19:30:56","date_gmt":"2011-12-15T18:30:56","guid":{"rendered":"http:\/\/blogs.diariosur.es\/soyfriki\/?p=551"},"modified":"2011-12-15T19:30:56","modified_gmt":"2011-12-15T18:30:56","slug":"pablo-alboran-un-famoso-mas-buscado-en-google-que-justin-bieber-y-shakira-zeitgeist-v","status":"publish","type":"post","link":"https:\/\/blogs.diariosur.es\/soyfriki\/2011\/12\/15\/pablo-alboran-un-famoso-mas-buscado-en-google-que-justin-bieber-y-shakira-zeitgeist-v\/","title":{"rendered":"Pablo Albor\u00e1n, un famoso m\u00e1s buscado en Google que Justin Bieber y Shakira &#8211; Zeitgeist (V)"},"content":{"rendered":"<p>\u00bfCu\u00e1les han sido <strong>los famosos m\u00e1s buscados<\/strong>\u00a0por los espa\u00f1oles en 2011? <strong>Zeitgeist<\/strong>\u00a0tiene la respuesta. <strong>Google<\/strong> ha clasificado millones de b\u00fasquedas para captar las diez consultas con mayor crecimiento de todo el a\u00f1o y resulta que, una vez m\u00e1s, asoma la cabeza <strong>Pablo Albor\u00e1n<\/strong>.<!--more--><img loading=\"lazy\" class=\"alignright\" style=\"border-style: initial; border-color: initial;\" title=\"pablo albor\u00e1n\" src=\"\/\/videochat.diariosur.es\/img\/videochats\/thumbs\/vchat-pablo-alboran.jpg\" alt=\"\" width=\"300\" height=\"240\" \/>Los <strong>personajes con mayor crecimiento<\/strong>\u00a0en 2001 son<strong>\u00a0Gadafi y Pablo Albor\u00e1n, <\/strong>pero es que adem\u00e1s el malague\u00f1o se coloca en aumento de b\u00fasquedas por encima de<strong> Justin Bieber, Selena G\u00f3mez y Shakira<\/strong>. Otro tanto que se anota el malague\u00f1o.<\/p>\n<ul>\n<li><strong>Gadafi<\/strong><\/li>\n<li><strong>Pablo Alboran<\/strong><\/li>\n<li><strong>Amy Winehouse<\/strong><\/li>\n<li><strong>Jennifer L\u00f3pez<\/strong><\/li>\n<li><strong>Paula Echevarr\u00eda<\/strong><\/li>\n<li><strong>Malena Costa<\/strong><\/li>\n<li><strong>Justin Bieber<\/strong><\/li>\n<li><strong>Selena G\u00f3mez<\/strong><\/li>\n<li><strong>Andy y Lucas<\/strong><\/li>\n<li><strong>Shakira<\/strong><\/li>\n<\/ul>\n<div>\n<div>Este es el sentir de los espa\u00f1oles. Una estupenda radiograf\u00eda de los gustos y aficiones. No entiendo mucho qu\u00e9 pintan <strong>Andy y Lucas<\/strong> en todo esto, pero hay gente para todo&#8230; Si quer\u00e9is saber qu\u00e9 es lo que m\u00e1s\u00a0<strong>buscan los espa\u00f1oles<\/strong>\u00a0y echad un vistazo a las listas de<a href=\"http:\/\/googleespana.blogspot.com\/2011\/12\/lo-mas-buscado-en-espana-en-2011.html\" rel=\"external nofollow\" target=\"_blank\">Google Espa\u00f1a<\/a>. Adem\u00e1s, si quieres conocer lo m\u00e1s buscado en el mundo, pincha\u00a0<a href=\"http:\/\/www.googlezeitgeist.com\/es\/\" rel=\"external nofollow\">aqu\u00ed<\/a>.<\/div>\n<\/div>\n","protected":false},"excerpt":{"rendered":"<p>\u00bfCu\u00e1les han sido los famosos m\u00e1s buscados\u00a0por los espa\u00f1oles en 2011? Zeitgeist\u00a0tiene la respuesta. Google ha clasificado millones de b\u00fasquedas para captar las diez consultas con mayor crecimiento de todo el a\u00f1o y resulta que, una vez m\u00e1s, asoma la cabeza Pablo Albor\u00e1n.<\/p>\n","protected":false},"author":7,"featured_media":0,"comment_status":"open","ping_status":"closed","sticky":false,"template":"","format":"standard","meta":[],"categories":[6,8],"tags":[202,532],"_links":{"self":[{"href":"https:\/\/blogs.diariosur.es\/soyfriki\/wp-json\/wp\/v2\/posts\/551"}],"collection":[{"href":"https:\/\/blogs.diariosur.es\/soyfriki\/wp-json\/wp\/v2\/posts"}],"about":[{"href":"https:\/\/blogs.diariosur.es\/soyfriki\/wp-json\/wp\/v2\/types\/post"}],"author":[{"embeddable":true,"href":"https:\/\/blogs.diariosur.es\/soyfriki\/wp-json\/wp\/v2\/users\/7"}],"replies":[{"embeddable":true,"href":"https:\/\/blogs.diariosur.es\/soyfriki\/wp-json\/wp\/v2\/comments?post=551"}],"version-history":[{"count":0,"href":"https:\/\/blogs.diariosur.es\/soyfriki\/wp-json\/wp\/v2\/posts\/551\/revisions"}],"wp:attachment":[{"href":"https:\/\/blogs.diariosur.es\/soyfriki\/wp-json\/wp\/v2\/media?parent=551"}],"wp:term":[{"taxonomy":"category","embeddable":true,"href":"https:\/\/blogs.diariosur.es\/soyfriki\/wp-json\/wp\/v2\/categories?post=551"},{"taxonomy":"post_tag","embeddable":true,"href":"https:\/\/blogs.diariosur.es\/soyfriki\/wp-json\/wp\/v2\/tags?post=551"}],"curies":[{"name":"wp","href":"https:\/\/api.w.org\/{rel}","templated":true}]}}