{"id":557,"date":"2011-12-28T17:00:22","date_gmt":"2011-12-28T16:00:22","guid":{"rendered":"http:\/\/blogs.diariosur.es\/soyfriki\/?p=557"},"modified":"2011-12-28T17:00:22","modified_gmt":"2011-12-28T16:00:22","slug":"el-escote-de-anna-simon-vuelve-a-ser-noticia-en-twitter-hoy-en-corse","status":"publish","type":"post","link":"https:\/\/blogs.diariosur.es\/soyfriki\/2011\/12\/28\/el-escote-de-anna-simon-vuelve-a-ser-noticia-en-twitter-hoy-en-corse\/","title":{"rendered":"El escote de Anna Simon vuelve a ser noticia en Twitter (hoy, en cors\u00e9)"},"content":{"rendered":"<p>&#8220;Como para no ser Trending Topic<strong><a href=\"https:\/\/blogs.diariosur.es\/soyfriki\/2010\/09\/24\/el-escote-ana-simon-tonterias-justas\/\" target=\"_blank\"> Anna Simon<\/a><\/strong>. Alg\u00fan d\u00eda dejar\u00e1 de respirar&#8221;, dec\u00eda <a href=\"https:\/\/twitter.com\/#!\/penha_rv\" target=\"_blank\" rel=\"external nofollow\">@penha_rv<\/a>\u00a0en Twitter. Y es que hoy <strong><a href=\"https:\/\/blogs.diariosur.es\/soyfriki\/2010\/09\/24\/el-escote-ana-simon-tonterias-justas\/\" target=\"_blank\">Anna Sim\u00f3n<\/a><\/strong> era casi m\u00e1s noticia por el cors\u00e9 que luc\u00eda en <strong><a href=\"https:\/\/blogs.diariosur.es\/soyfriki\/2010\/09\/24\/el-escote-ana-simon-tonterias-justas\/\" target=\"_blank\">Otra Movida (Neox)<\/a><\/strong> que por sus -creo que se puede decir- <a title=\"las tetas de anna simon\" href=\"https:\/\/blogs.diariosur.es\/soyfriki\/2010\/09\/24\/el-escote-ana-simon-tonterias-justas\/\" target=\"_blank\">tetas<\/a>.<!--more--><\/p>\n<p style=\"text-align: center;\"><a href=\"\/soyfriki\/wp-content\/uploads\/sites\/14\/2011\/12\/anna-simon-escote-tetas.jpg\"><img loading=\"lazy\" class=\"size-full wp-image-558 aligncenter\" title=\"anna-simon-escote-tetas\" src=\"\/soyfriki\/wp-content\/uploads\/sites\/14\/2011\/12\/anna-simon-escote-tetas.jpg\" alt=\"anna-simon-escote-tetas\" width=\"660\" height=\"342\" srcset=\"https:\/\/static-blogs.diariosur.es\/wp-content\/uploads\/sites\/14\/2011\/12\/anna-simon-escote-tetas.jpg 660w, https:\/\/static-blogs.diariosur.es\/wp-content\/uploads\/sites\/14\/2011\/12\/anna-simon-escote-tetas-300x155.jpg 300w\" sizes=\"(max-width: 660px) 100vw, 660px\" \/><\/a><\/p>\n<p><strong><a href=\"https:\/\/blogs.diariosur.es\/soyfriki\/2010\/09\/24\/el-escote-ana-simon-tonterias-justas\/\" target=\"_blank\">Anna Sim\u00f3n <\/a><\/strong>por encima de<strong> la mona Chita<\/strong>,<strong> la Casa Real<\/strong> y hasta nuestra <strong>Remedios Cervantes<\/strong>. Ya se sabe que en los <strong>Temas del Momento<\/strong> pueden m\u00e1s dos pechos que dos carretas. Sus fans se han lamentado: &#8220;<strong><a href=\"https:\/\/blogs.diariosur.es\/soyfriki\/2010\/09\/24\/el-escote-ana-simon-tonterias-justas\/\" target=\"_blank\">Anna Simon<\/a><\/strong> es TT, que pena que sea por el vestuario que lleva y no por como es, pero algo es algo!&#8221;, pero la pregunta que rondaba a los twitteros era: &#8220;\u00bfqui\u00e9n le ha apretado tanto el cors\u00e9 a <strong>Anna Sim\u00f3n<\/strong>?&#8221;. Un motivo para <strong>tocarse<\/strong>, como ya dijo en <a href=\"https:\/\/blogs.diariosur.es\/soyfriki\/2011\/03\/04\/el-escote-anna-simon-motivo-tocarse-segun-matias\/\" target=\"_blank\">una c\u00e9lebre frase Mat\u00edas Prats<\/a>.<\/p>\n","protected":false},"excerpt":{"rendered":"<p>&#8220;Como para no ser Trending Topic Anna Simon. Alg\u00fan d\u00eda dejar\u00e1 de respirar&#8221;, dec\u00eda @penha_rv\u00a0en Twitter. Y es que hoy Anna Sim\u00f3n era casi m\u00e1s noticia por el cors\u00e9 que luc\u00eda en Otra Movida (Neox) que por sus -creo que se puede decir- tetas.<\/p>\n","protected":false},"author":7,"featured_media":0,"comment_status":"open","ping_status":"closed","sticky":false,"template":"","format":"standard","meta":[],"categories":[8],"tags":[468,483],"_links":{"self":[{"href":"https:\/\/blogs.diariosur.es\/soyfriki\/wp-json\/wp\/v2\/posts\/557"}],"collection":[{"href":"https:\/\/blogs.diariosur.es\/soyfriki\/wp-json\/wp\/v2\/posts"}],"about":[{"href":"https:\/\/blogs.diariosur.es\/soyfriki\/wp-json\/wp\/v2\/types\/post"}],"author":[{"embeddable":true,"href":"https:\/\/blogs.diariosur.es\/soyfriki\/wp-json\/wp\/v2\/users\/7"}],"replies":[{"embeddable":true,"href":"https:\/\/blogs.diariosur.es\/soyfriki\/wp-json\/wp\/v2\/comments?post=557"}],"version-history":[{"count":0,"href":"https:\/\/blogs.diariosur.es\/soyfriki\/wp-json\/wp\/v2\/posts\/557\/revisions"}],"wp:attachment":[{"href":"https:\/\/blogs.diariosur.es\/soyfriki\/wp-json\/wp\/v2\/media?parent=557"}],"wp:term":[{"taxonomy":"category","embeddable":true,"href":"https:\/\/blogs.diariosur.es\/soyfriki\/wp-json\/wp\/v2\/categories?post=557"},{"taxonomy":"post_tag","embeddable":true,"href":"https:\/\/blogs.diariosur.es\/soyfriki\/wp-json\/wp\/v2\/tags?post=557"}],"curies":[{"name":"wp","href":"https:\/\/api.w.org\/{rel}","templated":true}]}}