{"id":563,"date":"2012-01-05T21:28:34","date_gmt":"2012-01-05T20:28:34","guid":{"rendered":"http:\/\/blogs.diariosur.es\/soyfriki\/?p=563"},"modified":"2012-01-05T21:28:34","modified_gmt":"2012-01-05T20:28:34","slug":"el-hombre-desnudo-del-catalogo-de-la-redoute-la-lia-en-meneame","status":"publish","type":"post","link":"https:\/\/blogs.diariosur.es\/soyfriki\/2012\/01\/05\/el-hombre-desnudo-del-catalogo-de-la-redoute-la-lia-en-meneame\/","title":{"rendered":"El hombre desnudo del cat\u00e1logo de La Redoute la l\u00eda en Men\u00e9ame"},"content":{"rendered":"<p>S\u00ed, es as\u00ed. Sale un hombre desnudo en el \u00faltimo cat\u00e1logo de\u00a0moda de\u00a0<strong>La Redoute.<\/strong>\u00a0<strong>Un hombre desnudo en la playa<\/strong> que, para colmo sale detr\u00e1s de un grupo de ni\u00f1os.<img title=\"M\u00e1s...\" src=\"\/soyfriki\/wp-content\/uploads\/sites\/14\" alt=\"\" \/><!--more--><\/p>\n<p style=\"text-align: center;\"><a href=\"\/soyfriki\/wp-content\/uploads\/sites\/14\/2012\/01\/hombre-desnudo-laredoute.jpg\"><img loading=\"lazy\" class=\"aligncenter\" title=\"hombre-desnudo-laredoute\" src=\"\/soyfriki\/wp-content\/uploads\/sites\/14\/2012\/01\/hombre-desnudo-laredoute.jpg\" alt=\"hombre-desnudo-laredoute\" width=\"400\" height=\"225\" \/><\/a><\/p>\n<p>Cuatro ni\u00f1os posando al lado del mar, y un hombre saliendo del agua&#8230; Y no se sabe su identidad. \u00a0La publicaci\u00f3n de la foto ha causado controversia y la noticia se extendi\u00f3 r\u00e1pidamente en las\u00a0<strong>redes sociales<\/strong>\u00a0y sobre todo en\u00a0<strong>Men\u00e9ame<\/strong>, donde ha sido la gracia del d\u00eda.\u00a0<strong>La Redoute<\/strong>\u00a0ha publicado en su\u00a0<strong>Facebook<\/strong>\u00a0una disculpa, se quit\u00f3 la foto y prometi\u00f3 un cuidado especial en la pr\u00f3xima edici\u00f3n del cat\u00e1logo.<\/p>\n","protected":false},"excerpt":{"rendered":"<p>S\u00ed, es as\u00ed. Sale un hombre desnudo en el \u00faltimo cat\u00e1logo de\u00a0moda de\u00a0La Redoute.\u00a0Un hombre desnudo en la playa que, para colmo sale detr\u00e1s de un grupo de ni\u00f1os.<\/p>\n","protected":false},"author":7,"featured_media":0,"comment_status":"open","ping_status":"closed","sticky":false,"template":"","format":"standard","meta":[],"categories":[8],"tags":[],"_links":{"self":[{"href":"https:\/\/blogs.diariosur.es\/soyfriki\/wp-json\/wp\/v2\/posts\/563"}],"collection":[{"href":"https:\/\/blogs.diariosur.es\/soyfriki\/wp-json\/wp\/v2\/posts"}],"about":[{"href":"https:\/\/blogs.diariosur.es\/soyfriki\/wp-json\/wp\/v2\/types\/post"}],"author":[{"embeddable":true,"href":"https:\/\/blogs.diariosur.es\/soyfriki\/wp-json\/wp\/v2\/users\/7"}],"replies":[{"embeddable":true,"href":"https:\/\/blogs.diariosur.es\/soyfriki\/wp-json\/wp\/v2\/comments?post=563"}],"version-history":[{"count":0,"href":"https:\/\/blogs.diariosur.es\/soyfriki\/wp-json\/wp\/v2\/posts\/563\/revisions"}],"wp:attachment":[{"href":"https:\/\/blogs.diariosur.es\/soyfriki\/wp-json\/wp\/v2\/media?parent=563"}],"wp:term":[{"taxonomy":"category","embeddable":true,"href":"https:\/\/blogs.diariosur.es\/soyfriki\/wp-json\/wp\/v2\/categories?post=563"},{"taxonomy":"post_tag","embeddable":true,"href":"https:\/\/blogs.diariosur.es\/soyfriki\/wp-json\/wp\/v2\/tags?post=563"}],"curies":[{"name":"wp","href":"https:\/\/api.w.org\/{rel}","templated":true}]}}