{"id":564,"date":"2012-01-10T17:24:47","date_gmt":"2012-01-10T16:24:47","guid":{"rendered":"http:\/\/blogs.diariosur.es\/soyfriki\/?p=564"},"modified":"2012-01-10T17:24:47","modified_gmt":"2012-01-10T16:24:47","slug":"mario-tascon-presenta-twittergrafia-o-como-escribir-en-twitter","status":"publish","type":"post","link":"https:\/\/blogs.diariosur.es\/soyfriki\/2012\/01\/10\/mario-tascon-presenta-twittergrafia-o-como-escribir-en-twitter\/","title":{"rendered":"Mario Tasc\u00f3n presenta Twittergraf\u00eda o c\u00f3mo escribir en Twitter"},"content":{"rendered":"<p><span style=\"color: #000000;\">Hoy <a href=\"http:\/\/elpais.com\" target=\"_blank\" rel=\"external nofollow\"><span style=\"color: #000000;\"><strong>ELPAIS.com<\/strong> <\/span><\/a>se<\/span> ha marcado una de esas entrevistas -en este caso un <strong>entrevista digital<\/strong>&#8211; a personas que da gusto leer:\u00a0<strong><a href=\"http:\/\/www.linkedin.com\/in\/mariotascon\" target=\"_blank\" rel=\"external nofollow\">Mario Tasc\u00f3n<\/a>. <\/strong>El consultor de comunicaci\u00f3n, especialista en nuevos medios, ha\u00a0escrito -junto con <strong><a href=\"http:\/\/es.linkedin.com\/in\/marabad\" target=\"_blank\" rel=\"external nofollow\">Mar Abad<\/a><\/strong>&#8211; su <strong>libro <a href=\"http:\/\/www.amazon.es\/Twittergrafia-Mayor-catarata-Mario-Tasc%C3%B3n\/dp\/8483196255\" target=\"_blank\" rel=\"external nofollow\">&#8216;Twittergrafia&#8217;<\/a>.<\/strong>\u00a0Un ensayo sobre <strong>c\u00f3mo escribir en Twitter<\/strong>, las <strong>nuevas abreviaturas<\/strong> que aparecen en la red y, en general, sobre el\u00a0<strong>cambio que sufren las estructuras de comunicaci\u00f3n<\/strong> a trav\u00e9s de la<strong> red social<\/strong> de microblogging.<!--more--><\/p>\n<p>He aprovechado y me he lanzado a hacer mi pregunta, porque me interesaba la opini\u00f3n de <strong>Tasc\u00f3n<\/strong> sobre c<strong>\u00f3mo ha cambiado Twitter la forma de escribir de los medios de comunicaci\u00f3n tradicionales<\/strong>. Los no nativos. Y respond\u00eda: <em>&#8220;Creo que <strong>est\u00e1 cambiando m\u00e1s las agendas y los temas<\/strong> porque se nos aparece como una especie de <strong>herramienta demosc\u00f3pica<\/strong> con la que tomamos el pulso de la sociedad&#8221;<\/em>. Totalmente cierto, y ahora ahondaba: <em>&#8220;Esa percepci\u00f3n est\u00e1 fascinando a<strong> empresas y periodistas<\/strong> y ahora se ven (demasiadas) <strong>portadas<\/strong> basadas en los temas del momento (TT) de Twitter&#8221;<\/em>. Sobre si afecta o no a la escritura de un <strong>diario<\/strong>, un <strong>blog<\/strong> o un <strong>medio digital<\/strong> apuntaba: <em>&#8220;Quien escribe bien sabe hacerlo y <strong>los periodistas suelen escribir bien<\/strong>&#8220;<\/em>. Totalmente de acuerdo con <strong>Tasc\u00f3n<\/strong>.<\/p>\n<p><a href=\"\/soyfriki\/wp-content\/uploads\/sites\/14\/2012\/01\/mario-tascon-twittergrafia.jpg\"><img loading=\"lazy\" class=\"aligncenter size-full wp-image-565\" title=\"mario tascon twittergrafia\" src=\"\/soyfriki\/wp-content\/uploads\/sites\/14\/2012\/01\/mario-tascon-twittergrafia.jpg\" alt=\"mario tascon twittergrafia\" width=\"660\" height=\"214\" srcset=\"https:\/\/static-blogs.diariosur.es\/wp-content\/uploads\/sites\/14\/2012\/01\/mario-tascon-twittergrafia.jpg 660w, https:\/\/static-blogs.diariosur.es\/wp-content\/uploads\/sites\/14\/2012\/01\/mario-tascon-twittergrafia-300x97.jpg 300w\" sizes=\"(max-width: 660px) 100vw, 660px\" \/><\/a><\/p>\n<p>A continuac<span style=\"color: #000000;\">i\u00f3n, <strong><a href=\"http:\/\/1001medios.es\/\" target=\"_blank\" rel=\"external nofollow\"><span style=\"color: #000000;\">1001 Medios<\/span><\/a><\/strong> la<\/span>nzaba una pregunta que me he ahorrado, porque tambi\u00e9n ten\u00eda ganas de formularle: <em>&#8220;<strong>c\u00f3mo deben los profesionales de un medio deben utilizar las redes sociales<\/strong> y qu\u00e9 tipo de <strong>control<\/strong> debe existir por parte de sus<strong> jefes de redacci\u00f3n<\/strong>&#8220;<\/em>. <strong>Mario Tasc\u00f3n<\/strong> ya estuvo hablando en t\u00e9rminos similares una vez que visit\u00f3 la redacci\u00f3n de SUR. Y repet\u00eda lo mismo: <em>&#8220;Esa separaci\u00f3n es muy dif\u00edcil. Los periodistas tienen que ser conscientes de que su cuenta de <strong>Twitter<\/strong> es <strong>comunicaci\u00f3n p\u00fablica<\/strong> por mucho que sea tambi\u00e9n o <strong>sobre todo personal<\/strong>, y eso a un periodista no habr\u00eda ni que explic\u00e1rselo. Por otro lado <strong>las empresas tienen que tener una mayor confianza<\/strong> en sus empleados y en lo que hacen en su relaci\u00f3n con la sociedad y, quiz\u00e1s, <strong>mejorar la formaci\u00f3n<\/strong> y ayudarles a mejorar en esas capacidades&#8221;.<\/em> Lo ha dicho todo.<\/p>\n<p>Encontr\u00e1is muchas m\u00e1s claves de su forma de pensar y de su<strong> &#8216;Twittergraf\u00eda&#8217;\u00a0<\/strong>e<span style=\"color: #000000;\">n <\/span><a href=\"http:\/\/www.elpais.com\/edigitales\/entrevista.html?id=8712#form_preg\" target=\"_blank\" rel=\"external nofollow\"><span style=\"color: #000000;\">la entrevista completa en <strong>ELPA\u00cdS.com<\/strong><\/span><\/a><span style=\"color: #000000;\">. Que ustedes la disfruten&#8230;<\/span><\/p>\n","protected":false},"excerpt":{"rendered":"<p>Hoy ELPAIS.com se ha marcado una de esas entrevistas -en este caso un entrevista digital&#8211; a personas que da gusto leer:\u00a0Mario Tasc\u00f3n. El consultor de comunicaci\u00f3n, especialista en nuevos medios, ha\u00a0escrito -junto con Mar Abad&#8211; su libro &#8216;Twittergrafia&#8217;.\u00a0Un ensayo sobre c\u00f3mo escribir en Twitter, las nuevas abreviaturas que aparecen en la red y, en general, [&hellip;]<\/p>\n","protected":false},"author":7,"featured_media":0,"comment_status":"open","ping_status":"closed","sticky":false,"template":"","format":"standard","meta":[],"categories":[4,10],"tags":[19,290,354,388,483],"_links":{"self":[{"href":"https:\/\/blogs.diariosur.es\/soyfriki\/wp-json\/wp\/v2\/posts\/564"}],"collection":[{"href":"https:\/\/blogs.diariosur.es\/soyfriki\/wp-json\/wp\/v2\/posts"}],"about":[{"href":"https:\/\/blogs.diariosur.es\/soyfriki\/wp-json\/wp\/v2\/types\/post"}],"author":[{"embeddable":true,"href":"https:\/\/blogs.diariosur.es\/soyfriki\/wp-json\/wp\/v2\/users\/7"}],"replies":[{"embeddable":true,"href":"https:\/\/blogs.diariosur.es\/soyfriki\/wp-json\/wp\/v2\/comments?post=564"}],"version-history":[{"count":0,"href":"https:\/\/blogs.diariosur.es\/soyfriki\/wp-json\/wp\/v2\/posts\/564\/revisions"}],"wp:attachment":[{"href":"https:\/\/blogs.diariosur.es\/soyfriki\/wp-json\/wp\/v2\/media?parent=564"}],"wp:term":[{"taxonomy":"category","embeddable":true,"href":"https:\/\/blogs.diariosur.es\/soyfriki\/wp-json\/wp\/v2\/categories?post=564"},{"taxonomy":"post_tag","embeddable":true,"href":"https:\/\/blogs.diariosur.es\/soyfriki\/wp-json\/wp\/v2\/tags?post=564"}],"curies":[{"name":"wp","href":"https:\/\/api.w.org\/{rel}","templated":true}]}}