{"id":575,"date":"2012-01-19T10:25:31","date_gmt":"2012-01-19T09:25:31","guid":{"rendered":"http:\/\/blogs.diariosur.es\/soyfriki\/?p=575"},"modified":"2012-01-19T10:25:31","modified_gmt":"2012-01-19T09:25:31","slug":"pedro-pikiki-triunfa-en-youtube-con-su-ay-si-te-cojo-ai-se-eu-te-pego","status":"publish","type":"post","link":"https:\/\/blogs.diariosur.es\/soyfriki\/2012\/01\/19\/pedro-pikiki-triunfa-en-youtube-con-su-ay-si-te-cojo-ai-se-eu-te-pego\/","title":{"rendered":"Pedro Pikiki triunfa en Youtube con su Ay si te cojo (Ai se eu te pego)"},"content":{"rendered":"<p>A estas alturas todos hemos o\u00eddo el\u00a0<a href=\"http:\/\/www.diariosur.es\/videos\/cultura\/cultura\/1337038983001-video-visto-2011-michel-telo-pego.html\" target=\"_blank\" rel=\"external nofollow\"><strong><em>Ai se eu te pego<\/em><\/strong>\u00a0de <strong>Michel Tel\u00f3<\/strong><\/a> varias veces, y es que la canci\u00f3n del brasile\u00f1o se ha convertido en todo un \u00e9xito desde que\u00a0<strong>Neymar\u00a0<\/strong>o\u00a0<strong>Cristiano Ronaldo<\/strong>\u00a0la bailaran. De hecho, ya se convirti\u00f3 en <strong><a href=\"http:\/\/www.diariosur.es\/videos\/cultura\/cultura\/1337038983001-video-visto-2011-michel-telo-pego.html\" target=\"_blank\" rel=\"external nofollow\">el v\u00eddeo m\u00e1s visto de 2011<\/a><\/strong>. Pero hay un v\u00eddeo con toque m\u00e1s malague\u00f1o.<!--more--><\/p>\n<p>Un fen\u00f3meno de \u00bf<strong>M\u00e1laga?<\/strong> en alza, que ha querido ponerse a rebufo de<strong> <a href=\"http:\/\/www.diariosur.es\/videos\/cultura\/cultura\/1337038983001-video-visto-2011-michel-telo-pego.html\" target=\"_blank\" rel=\"external nofollow\">la canci\u00f3n de moda<\/a><\/strong>. Se llama <strong>Pedro Pikiki<\/strong> y su vida art\u00edstica est\u00e1 entre <strong>Antequera y C\u00f3rdoba<\/strong>. Ha hecho\u00a0<strong>su propia versi\u00f3n<\/strong>\u00a0en la que incluye <strong>mozas del pueblo<\/strong> y muchas <strong>cabras<\/strong>. \u00a1Con baile propio! El\u00a0<strong><em>Ay si te cojo <\/em>ya es un \u00e9xito en Youtube<\/strong>, con casi 50.000 v\u00eddeos vistos y subiendo.<\/p>\n<p>No es nuevo, ya que gente como<strong> <a href=\"http:\/\/www.youtube.com\/watch?v=J2J3P6S0NcQ&#038;feature=related\" target=\"_blank\" rel=\"external nofollow\">Florentino Fern\u00e1ndez en Otra Movida<\/a><\/strong> hicieron su propia versi\u00f3n con<strong><a href=\"http:\/\/www.youtube.com\/watch?v=J2J3P6S0NcQ&#038;feature=related\" target=\"_blank\" rel=\"external nofollow\"> &#8216;Ay si te enchufo&#8217;<\/a><\/strong>. Con lo cual, de original la letra, m\u00e1s que la idea. Y, como \u00e9l dice: <em>&#8220;Interpreta a Ozeito, que el pobre se roza mas que una cabra en un zocalo&#8230; Est\u00e1 mu caliente&#8221;<\/em>.<\/p>\n<p><object width=\"660\" height=\"365\" classid=\"clsid:d27cdb6e-ae6d-11cf-96b8-444553540000\" codebase=\"http:\/\/download.macromedia.com\/pub\/shockwave\/cabs\/flash\/swflash.cab#version=6,0,40,0\"><param name=\"allowFullScreen\" value=\"true\" \/><param name=\"allowscriptaccess\" value=\"always\" \/><param name=\"src\" value=\"http:\/\/www.youtube.com\/v\/9H2tnTaelxA?version=3&#038;hl=es_ES&#038;rel=0\" \/><param name=\"allowfullscreen\" value=\"true\" \/><embed width=\"660\" height=\"365\" type=\"application\/x-shockwave-flash\" src=\"\/\/www.youtube.com\/v\/9H2tnTaelxA?version=3&#038;hl=es_ES&#038;rel=0\" allowFullScreen=\"true\" allowscriptaccess=\"always\" allowfullscreen=\"true\" \/><\/object><\/p>\n","protected":false},"excerpt":{"rendered":"<p>A estas alturas todos hemos o\u00eddo el\u00a0Ai se eu te pego\u00a0de Michel Tel\u00f3 varias veces, y es que la canci\u00f3n del brasile\u00f1o se ha convertido en todo un \u00e9xito desde que\u00a0Neymar\u00a0o\u00a0Cristiano Ronaldo\u00a0la bailaran. De hecho, ya se convirti\u00f3 en el v\u00eddeo m\u00e1s visto de 2011. Pero hay un v\u00eddeo con toque m\u00e1s malague\u00f1o.<\/p>\n","protected":false},"author":7,"featured_media":0,"comment_status":"open","ping_status":"closed","sticky":false,"template":"","format":"standard","meta":[],"categories":[8,12],"tags":[301,499,529],"_links":{"self":[{"href":"https:\/\/blogs.diariosur.es\/soyfriki\/wp-json\/wp\/v2\/posts\/575"}],"collection":[{"href":"https:\/\/blogs.diariosur.es\/soyfriki\/wp-json\/wp\/v2\/posts"}],"about":[{"href":"https:\/\/blogs.diariosur.es\/soyfriki\/wp-json\/wp\/v2\/types\/post"}],"author":[{"embeddable":true,"href":"https:\/\/blogs.diariosur.es\/soyfriki\/wp-json\/wp\/v2\/users\/7"}],"replies":[{"embeddable":true,"href":"https:\/\/blogs.diariosur.es\/soyfriki\/wp-json\/wp\/v2\/comments?post=575"}],"version-history":[{"count":0,"href":"https:\/\/blogs.diariosur.es\/soyfriki\/wp-json\/wp\/v2\/posts\/575\/revisions"}],"wp:attachment":[{"href":"https:\/\/blogs.diariosur.es\/soyfriki\/wp-json\/wp\/v2\/media?parent=575"}],"wp:term":[{"taxonomy":"category","embeddable":true,"href":"https:\/\/blogs.diariosur.es\/soyfriki\/wp-json\/wp\/v2\/categories?post=575"},{"taxonomy":"post_tag","embeddable":true,"href":"https:\/\/blogs.diariosur.es\/soyfriki\/wp-json\/wp\/v2\/tags?post=575"}],"curies":[{"name":"wp","href":"https:\/\/api.w.org\/{rel}","templated":true}]}}