{"id":578,"date":"2012-01-24T12:52:29","date_gmt":"2012-01-24T11:52:29","guid":{"rendered":"http:\/\/blogs.diariosur.es\/soyfriki\/?p=578"},"modified":"2012-01-24T12:52:29","modified_gmt":"2012-01-24T11:52:29","slug":"umaenfurecida-pone-de-moda-en-twitter-los-refranesdelauma","status":"publish","type":"post","link":"https:\/\/blogs.diariosur.es\/soyfriki\/2012\/01\/24\/umaenfurecida-pone-de-moda-en-twitter-los-refranesdelauma\/","title":{"rendered":"@UMAenfurecida pone de moda en Twitter los #refranesdelaUMA"},"content":{"rendered":"<p>Bien es cierto que para la salud de <strong>Twitter<\/strong>, cuentas como <strong><a href=\"http:\/\/twitter.com\/@UMAenfurecida\" rel=\"external nofollow\">@UMAenfurecida<\/a><\/strong> son necesarias. Un perfil de &#8216;indignados&#8217; con determinados asuntos de la<strong> Universidad de M\u00e1laga<\/strong> que bajo una denominaci\u00f3n muy parecida a <strong><a href=\"http:\/\/twitter.com\/@MasaEnfurecida\" rel=\"external nofollow\">@MasaEnfurecida<\/a><\/strong>, critica defectos de la <strong>UMA<\/strong>. Loable actitud, aunque muchas veces -todo hay que decirlo- se han pasado de la raya.<!--more--><\/p>\n<p><a href=\"\/soyfriki\/wp-content\/uploads\/sites\/14\/2012\/01\/logo_uma_reasonably_small1.gif\"><img loading=\"lazy\" class=\"alignright size-full wp-image-579\" style=\"border-image: initial; border-width: 2px; border-color: black; border-style: solid;\" title=\"logo_uma_reasonably_small[1]\" src=\"\/soyfriki\/wp-content\/uploads\/sites\/14\/2012\/01\/logo_uma_reasonably_small1.gif\" alt=\"\" width=\"128\" height=\"128\" \/><\/a>De hecho, han triunfado \u00faltimamente con su trend <strong><a href=\"https:\/\/twitter.com\/#!\/search\/realtime\/enlaumapasa\" target=\"_blank\" rel=\"external nofollow\">#enlaUMApasa<\/a><\/strong>, que no es flor de un d\u00eda, sino que es un <strong>hashtag promovido<\/strong> por la cuenta que d\u00eda s\u00ed d\u00eda, d\u00eda no, est\u00e1 en el<strong> trending topic local<\/strong>. Hoy triunfa <s><a title=\"#refranesdelauma\" href=\"https:\/\/twitter.com\/#!\/search?q=%23refranesdelauma\" rel=\"nofollow external\">#<\/a><\/s><strong><strong><a title=\"#refranesdelauma\" href=\"https:\/\/twitter.com\/#!\/search?q=%23refranesdelauma\" rel=\"nofollow external\">refranesdelauma<\/a>, <\/strong><\/strong>una versi\u00f3n &#8216;light&#8217; de <strong><a href=\"https:\/\/twitter.com\/#!\/search\/realtime\/enlaumapasa\" target=\"_blank\" rel=\"external nofollow\">#enlaUMApasa<\/a><\/strong>.<\/p>\n<p>Los ex\u00e1menes, Copicentro, el aparcamiento y las cafeter\u00edas copan estas adaptaciones de refranes.\u00a0Aqu\u00ed algunos de los m\u00e1s graciosos y originales.<\/p>\n<ul>\n<li><a href=\"https:\/\/twitter.com\/#!\/Doble_CR\" data-user-id=\"346861004\" rel=\"external nofollow\"><s>@<\/s><strong>Doble_CR<\/strong><\/a><\/li>\n<li>A pinganillo alquilado, examen aprobado<\/li>\n<li><a href=\"https:\/\/twitter.com\/#!\/SandraPieiro\" data-user-id=\"300175094\" rel=\"external nofollow\"><s>@<\/s><strong>SandraPieiro<\/strong><\/a><\/li>\n<li>A quien Dios no le dio una ingenier\u00eda, el diablo le dio magisterio<\/li>\n<li><strong><strong><a href=\"https:\/\/twitter.com\/#!\/locking3life\" data-user-id=\"236509304\" rel=\"external nofollow\"><s>@<\/s><strong>locking3life<\/strong><\/a><\/strong><\/strong><\/li>\n<li>No por mucho madrugar aparece el 20 m\u00e1s temprano<\/li>\n<li><a href=\"https:\/\/twitter.com\/#!\/VikroaL\" data-user-id=\"116735293\" rel=\"external nofollow\"><strong>Vik<\/strong>\u00a0<s>@<\/s><strong>VikroaL<\/strong><\/a><\/li>\n<li>No es m\u00e1s rico quien m\u00e1s tiene, sino quien m\u00e1s miente para la beca<\/li>\n<li><a href=\"https:\/\/twitter.com\/#!\/Soygasolinero\" data-user-id=\"329324179\" rel=\"external nofollow\"><s>@<\/s><strong>Soygasolinero<\/strong><\/a><\/li>\n<li>los viejos decanos nunca mueren, pierden sus facultades<\/li>\n<li><a href=\"https:\/\/twitter.com\/#!\/SandraPieiro\" data-user-id=\"300175094\" rel=\"external nofollow\"><s>@<\/s><strong>SandraPieiro<\/strong><\/a><\/li>\n<li>A quien Dios no le dio una ingenier\u00eda, el diablo le dio magisterio<\/li>\n<li><a href=\"https:\/\/twitter.com\/#!\/juliopalencia_\" data-user-id=\"362223575\" rel=\"external nofollow\"><s>@<\/s><strong>juliopalencia<\/strong><\/a><\/li>\n<li>Se cree el empollon, que todos son de su condicion<\/li>\n<li><a href=\"https:\/\/twitter.com\/#!\/Lauriishiia\" data-user-id=\"287330617\" rel=\"external nofollow\"><s>@<\/s><strong>Lauriishiia<\/strong><\/a><\/li>\n<li>Donde caben 2, caben 5. (refiri\u00e9ndose al parking de Turismo)<\/li>\n<\/ul>\n<p>&nbsp;<\/p>\n<p>&nbsp;<\/p>\n<p>&nbsp;<\/p>\n<p>&nbsp;<\/p>\n<p>&nbsp;<\/p>\n<p>&nbsp;<\/p>\n<p>&nbsp;<\/p>\n<p>&nbsp;<\/p>\n","protected":false},"excerpt":{"rendered":"<p>Bien es cierto que para la salud de Twitter, cuentas como @UMAenfurecida son necesarias. Un perfil de &#8216;indignados&#8217; con determinados asuntos de la Universidad de M\u00e1laga que bajo una denominaci\u00f3n muy parecida a @MasaEnfurecida, critica defectos de la UMA. Loable actitud, aunque muchas veces -todo hay que decirlo- se han pasado de la raya.<\/p>\n","protected":false},"author":7,"featured_media":0,"comment_status":"open","ping_status":"closed","sticky":false,"template":"","format":"standard","meta":[],"categories":[8,11],"tags":[220,468,483],"_links":{"self":[{"href":"https:\/\/blogs.diariosur.es\/soyfriki\/wp-json\/wp\/v2\/posts\/578"}],"collection":[{"href":"https:\/\/blogs.diariosur.es\/soyfriki\/wp-json\/wp\/v2\/posts"}],"about":[{"href":"https:\/\/blogs.diariosur.es\/soyfriki\/wp-json\/wp\/v2\/types\/post"}],"author":[{"embeddable":true,"href":"https:\/\/blogs.diariosur.es\/soyfriki\/wp-json\/wp\/v2\/users\/7"}],"replies":[{"embeddable":true,"href":"https:\/\/blogs.diariosur.es\/soyfriki\/wp-json\/wp\/v2\/comments?post=578"}],"version-history":[{"count":0,"href":"https:\/\/blogs.diariosur.es\/soyfriki\/wp-json\/wp\/v2\/posts\/578\/revisions"}],"wp:attachment":[{"href":"https:\/\/blogs.diariosur.es\/soyfriki\/wp-json\/wp\/v2\/media?parent=578"}],"wp:term":[{"taxonomy":"category","embeddable":true,"href":"https:\/\/blogs.diariosur.es\/soyfriki\/wp-json\/wp\/v2\/categories?post=578"},{"taxonomy":"post_tag","embeddable":true,"href":"https:\/\/blogs.diariosur.es\/soyfriki\/wp-json\/wp\/v2\/tags?post=578"}],"curies":[{"name":"wp","href":"https:\/\/api.w.org\/{rel}","templated":true}]}}