{"id":58,"date":"2009-06-10T17:52:00","date_gmt":"2009-06-10T17:52:00","guid":{"rendered":"http:\/\/blogs.diariosur.es\/tuenti-facebook\/?p=58"},"modified":"2009-06-10T17:52:00","modified_gmt":"2009-06-10T17:52:00","slug":"pon-tu-nombre-usuario-facebook-desde-13-junio","status":"publish","type":"post","link":"https:\/\/blogs.diariosur.es\/soyfriki\/2009\/06\/10\/pon-tu-nombre-usuario-facebook-desde-13-junio\/","title":{"rendered":"Pon tu nombre de usuario de Facebook desde el 13 de junio"},"content":{"rendered":"<p><IMG src=\"file:\/\/\/C:\/DOCUME%7E1\/ADELOS%7E1\/CONFIG%7E1\/Temp\/moz-screenshot-7.jpg\" alt=\"\"><IMG src=\"file:\/\/\/C:\/DOCUME%7E1\/ADELOS%7E1\/CONFIG%7E1\/Temp\/moz-screenshot-8.jpg\" alt=\"\"><IMG src=\"\/soyfriki\/wp-content\/uploads\/sites\/14\" id=\"img_0\" class=\"imgdcha\" width=\"393\" height=\"307\">Quienes han accedido durante las \u00faltimas horas a facebook se han encontrado un mensaje indicando que a partir del <strong>13 de junio<\/strong> podr\u00e1n elegir un nombre de usuario para su cuenta de Facebook, en lugar del n\u00famero que actualmente identifica a cada persona registrada.<\/p>\n<p>&#8220;El \u00fanico lugar en el que tu identidad no estaba reflejada era la direcci\u00f3n web para tu perfil en el administrador de Facebook. La URL era asignada con un n\u00famero como id=592952074. Esto cambiar\u00e1 pronto&#8221;, asegura la popular red en su foro.<\/p>\n<p>El permitir a los usuarios elegir qu\u00e9 nombre aparecer\u00e1 en el enlace de su perfil online har\u00e1 m\u00e1s f\u00e1cil su b\u00fasqueda tanto en los buscadores, como tecleando su direcci\u00f3n directamente en el navegador. As\u00ed, ser\u00e1 m\u00e1s f\u00e1cil que los encuentren familiares, amigos y compa\u00f1eros de trabajo&#8230; \u00bfO no quieres que te encuentren?<\/p>\n<p>Visto en <A href=\"http:\/\/www.hoytecnologia.com\/noticias\/junio-podras-escoger-nombre\/115623\" title=\"http:\/\/www.hoytecnologia.com\/noticias\/junio-podras-escoger-nombre\/115623\" id=\"link_0\">hoytecnolog\u00eda.com<\/a>  <\/p>\n","protected":false},"excerpt":{"rendered":"<p>Quienes han accedido durante las \u00faltimas horas a facebook se han encontrado un mensaje indicando que a partir del 13 de junio podr\u00e1n elegir un nombre de usuario para su cuenta de Facebook, en lugar del n\u00famero que actualmente identifica a cada persona registrada. &#8220;El \u00fanico lugar en el que tu identidad no estaba reflejada [&hellip;]<\/p>\n","protected":false},"author":7,"featured_media":0,"comment_status":"open","ping_status":"closed","sticky":false,"template":"","format":"standard","meta":[],"categories":[9],"tags":[165],"_links":{"self":[{"href":"https:\/\/blogs.diariosur.es\/soyfriki\/wp-json\/wp\/v2\/posts\/58"}],"collection":[{"href":"https:\/\/blogs.diariosur.es\/soyfriki\/wp-json\/wp\/v2\/posts"}],"about":[{"href":"https:\/\/blogs.diariosur.es\/soyfriki\/wp-json\/wp\/v2\/types\/post"}],"author":[{"embeddable":true,"href":"https:\/\/blogs.diariosur.es\/soyfriki\/wp-json\/wp\/v2\/users\/7"}],"replies":[{"embeddable":true,"href":"https:\/\/blogs.diariosur.es\/soyfriki\/wp-json\/wp\/v2\/comments?post=58"}],"version-history":[{"count":0,"href":"https:\/\/blogs.diariosur.es\/soyfriki\/wp-json\/wp\/v2\/posts\/58\/revisions"}],"wp:attachment":[{"href":"https:\/\/blogs.diariosur.es\/soyfriki\/wp-json\/wp\/v2\/media?parent=58"}],"wp:term":[{"taxonomy":"category","embeddable":true,"href":"https:\/\/blogs.diariosur.es\/soyfriki\/wp-json\/wp\/v2\/categories?post=58"},{"taxonomy":"post_tag","embeddable":true,"href":"https:\/\/blogs.diariosur.es\/soyfriki\/wp-json\/wp\/v2\/tags?post=58"}],"curies":[{"name":"wp","href":"https:\/\/api.w.org\/{rel}","templated":true}]}}