{"id":583,"date":"2012-01-27T12:33:30","date_gmt":"2012-01-27T11:33:30","guid":{"rendered":"http:\/\/blogs.diariosur.es\/soyfriki\/?p=583"},"modified":"2012-01-27T12:33:30","modified_gmt":"2012-01-27T11:33:30","slug":"la-censura-de-twitter-y-su-concepto-de-la-glocalizacion-a-por-china","status":"publish","type":"post","link":"https:\/\/blogs.diariosur.es\/soyfriki\/2012\/01\/27\/la-censura-de-twitter-y-su-concepto-de-la-glocalizacion-a-por-china\/","title":{"rendered":"La censura de Twitter y su concepto de la glocalizaci\u00f3n: \u00a1a por China!"},"content":{"rendered":"<p>La <strong>red social<a href=\"http:\/\/www.diariosur.es\/rc\/20120127\/tecnologia\/twitter-censurara-publicaciones-infrinjan-201201270442.html\" target=\"_blank\" rel=\"external nofollow\"> <strong>Twitter\u00a0<\/strong><\/a><\/strong><a href=\"http:\/\/www.diariosur.es\/rc\/20120127\/tecnologia\/twitter-censurara-publicaciones-infrinjan-201201270442.html\" target=\"_blank\" rel=\"external nofollow\">ha anunciado que ha desarrollado un sistema de censura <\/a>para impedir que mensajes<em> &#8220;que puedan resultar inadecuados&#8221;<\/em> en algunas culturas o pa\u00edses puedan estar al alcance de los usuarios. No es <strong>censura<\/strong>, es <strong>autocensura<\/strong>. Ponerte el parche antes de que te salga el grano. Y como todo en este mundo est\u00e1 hecho con visi\u00f3n de <strong>mercado<\/strong>. \u00bfQu\u00e9 pensabas?<!--more--><\/p>\n<p><a href=\"\/soyfriki\/wp-content\/uploads\/sites\/14\/2012\/01\/weibo.jpg\"><img loading=\"lazy\" class=\"alignright size-full wp-image-584\" title=\"weibo\" src=\"\/soyfriki\/wp-content\/uploads\/sites\/14\/2012\/01\/weibo.jpg\" alt=\"\" width=\"300\" height=\"200\" \/><\/a>Est\u00e1 claro que <strong>Twitter<\/strong> no da puntada sin hilo y quiere lanzarse al barro del <strong>mercado asi\u00e1tico<\/strong>. La compa\u00f1\u00eda argumenta que <strong>la idea de libertad de expresi\u00f3n<\/strong> se entiende de forma diversa en diferentes lugares y dice que en Francia o Alemania proh\u00edben la publicaci\u00f3n de contenidos favorables al <strong>nazismo<\/strong>. Pero en lo que realmente piensa <strong>Twitter<\/strong> es que por ejemplo <strong><a href=\"http:\/\/www.weibo.com\/\" target=\"_blank\" rel=\"external nofollow\">Weibo<\/a><\/strong>, su versi\u00f3n china, no para de crecer. Y ellos no est\u00e1n all\u00ed porque no se pliegan a las exigencias del club de mafiosos de <strong>Hu Jintao<\/strong>. Por ahora&#8230;<\/p>\n<p>Recordemos que <a href=\"http:\/\/www.diariosur.es\/v\/20100320\/sociedad\/google-cierra-pagina-chino-20100320.html\" target=\"_blank\" rel=\"external nofollow\"><strong>Google<\/strong> ni siquiera tiene servidores en <strong>China<\/strong><\/a>, sino en <strong>Hong Kong<\/strong> para huir de la <strong>censura<\/strong> del r\u00e9gimen. Incluso as\u00ed, en ocasiones, su buscador en chino ha sido bloqueado por parte del Gobierno chino.<\/p>\n<p>\u00bfSabes cu\u00e1ntos usuarios de <strong>Internet<\/strong> hay en <strong>China<\/strong>? Es el pa\u00eds con m\u00e1s internautas del mundo: <strong>513 millones<\/strong>. \u00a1Menudo pastel! Y desde el <strong>bloqueo de <strong><a href=\"http:\/\/twitter.com\" target=\"_blank\" rel=\"external nofollow\">Twitter<\/a>\u00a0<\/strong>en 2009<\/strong> estos angelitos no tienen m\u00e1s remedio que ir a <strong><a href=\"http:\/\/www.weibo.com\/\" target=\"_blank\" rel=\"external nofollow\">Weibo<\/a>\u00a0<\/strong>a contar<em> &#8216;qu\u00e9 est\u00e1 pasando ahora<\/em>&#8216;. No es m\u00e1s que un clon dependiente del servicio de <strong><a href=\"http:\/\/Sina.com\" target=\"_blank\" rel=\"external nofollow\">Sina.com<\/a><\/strong>, pero el sitio cerr\u00f3 2.012 con 100 millones de cuentas. Y sin inventar la p\u00f3lvora. <strong><a href=\"http:\/\/www.weibo.com\/\" target=\"_blank\" rel=\"external nofollow\">Weibo<\/a>\u00a0<\/strong>sufre <strong>censura<\/strong> de aunque tambi\u00e9n ha vivido rebeliones.<\/p>\n<p><em>&#8220;A partir de hoy, tenemos la posibilidad de retener contenidos de usuarios en un pa\u00eds espec\u00edfico al tiempo que est\u00e1 disponible en el resto del mundo&#8221;<\/em>, explic\u00f3 <strong><a href=\"http:\/\/twitter.com\" target=\"_blank\" rel=\"external nofollow\">Twitter<\/a>\u00a0<\/strong>en su portal. Es decir, que si un chino se acuerda de las castas de Mao, no se leer\u00e1 en <strong>Pek\u00edn<\/strong>, pero s\u00ed en <strong>EE.UU.<\/strong> y en <strong>Zahara de los Atunes<\/strong>. Un curioso concepto de la <strong>&#8216;glocalizaci\u00f3n&#8217;<\/strong>.<\/p>\n<p><strong>Sobre las revueltas sociales<\/strong><\/p>\n<p>Lo m\u00e1s mosqueante es que la<strong> red social<\/strong> no deja claro c\u00f3mo determinar\u00e1 qu\u00e9 mensajes sobrepasan el <strong>derecho a la libertad de expresi\u00f3n<\/strong>, pero que siempre partir\u00e1n de la <strong>petici\u00f3n<\/strong> de una <em>&#8220;entidad autorizada&#8221;<\/em>. Es decir, \u00bflos <strong>gobiernos<\/strong>? Esos se\u00f1ores que mandan bien sea a trav\u00e9s de las urnas o con un golpe de Estado. Interesante.<\/p>\n<p><img loading=\"lazy\" class=\"alignright size-full wp-image-585\" title=\"15m-madrid\" src=\"\/soyfriki\/wp-content\/uploads\/sites\/14\/2012\/01\/15m-madrid.jpg\" alt=\"\" width=\"300\" height=\"200\" \/>As\u00ed que me pongo a cavilar y pienso que si un <strong>gobierno<\/strong> a puertas de unas <strong>elecciones<\/strong> es capaz de levantar a unos acampados -lease <strong>15M<\/strong>-, tambi\u00e9n ahora podr\u00e1 echar mano del tel\u00e9fono rojo y llame al se\u00f1or <strong>Dick Costolo<\/strong> (CEO de <strong><a href=\"http:\/\/twitter.com\" target=\"_blank\" rel=\"external nofollow\">Twitter<\/a><\/strong>). Esto va a ser un <strong>Matrix<\/strong> en toda regla. La pregunta es qui\u00e9n ser\u00e1 Neo.<\/p>\n<p>De risa la visi\u00f3n oficial de <strong><a href=\"http:\/\/twitter.com\" target=\"_blank\" rel=\"external nofollow\">Twitter<\/a><\/strong>:<em> &#8220;Puede ser necesario impedir el acceso de cierto contenido en un pa\u00eds determinado de vez en cuando&#8221;<\/em>, indican. \u00bfDe vez en cuando? Y <strong>Twitter<\/strong> insiste en que notificar\u00e1 a los usuarios que su contenido ha sido restringido. Gracias <strong>Dick<\/strong>, pero nos vamos a dar cuenta cuando todo empiece.<\/p>\n","protected":false},"excerpt":{"rendered":"<p>La red social Twitter\u00a0ha anunciado que ha desarrollado un sistema de censura para impedir que mensajes &#8220;que puedan resultar inadecuados&#8221; en algunas culturas o pa\u00edses puedan estar al alcance de los usuarios. No es censura, es autocensura. Ponerte el parche antes de que te salga el grano. Y como todo en este mundo est\u00e1 hecho [&hellip;]<\/p>\n","protected":false},"author":7,"featured_media":0,"comment_status":"open","ping_status":"closed","sticky":false,"template":"","format":"standard","meta":[],"categories":[8,10,11],"tags":[91,202,483,514],"_links":{"self":[{"href":"https:\/\/blogs.diariosur.es\/soyfriki\/wp-json\/wp\/v2\/posts\/583"}],"collection":[{"href":"https:\/\/blogs.diariosur.es\/soyfriki\/wp-json\/wp\/v2\/posts"}],"about":[{"href":"https:\/\/blogs.diariosur.es\/soyfriki\/wp-json\/wp\/v2\/types\/post"}],"author":[{"embeddable":true,"href":"https:\/\/blogs.diariosur.es\/soyfriki\/wp-json\/wp\/v2\/users\/7"}],"replies":[{"embeddable":true,"href":"https:\/\/blogs.diariosur.es\/soyfriki\/wp-json\/wp\/v2\/comments?post=583"}],"version-history":[{"count":0,"href":"https:\/\/blogs.diariosur.es\/soyfriki\/wp-json\/wp\/v2\/posts\/583\/revisions"}],"wp:attachment":[{"href":"https:\/\/blogs.diariosur.es\/soyfriki\/wp-json\/wp\/v2\/media?parent=583"}],"wp:term":[{"taxonomy":"category","embeddable":true,"href":"https:\/\/blogs.diariosur.es\/soyfriki\/wp-json\/wp\/v2\/categories?post=583"},{"taxonomy":"post_tag","embeddable":true,"href":"https:\/\/blogs.diariosur.es\/soyfriki\/wp-json\/wp\/v2\/tags?post=583"}],"curies":[{"name":"wp","href":"https:\/\/api.w.org\/{rel}","templated":true}]}}