{"id":586,"date":"2012-01-31T13:28:45","date_gmt":"2012-01-31T12:28:45","guid":{"rendered":"http:\/\/blogs.diariosur.es\/soyfriki\/?p=586"},"modified":"2012-01-31T13:28:45","modified_gmt":"2012-01-31T12:28:45","slug":"como-puedo-desactivar-facebook-timeline","status":"publish","type":"post","link":"https:\/\/blogs.diariosur.es\/soyfriki\/2012\/01\/31\/como-puedo-desactivar-facebook-timeline\/","title":{"rendered":"\u00bfC\u00f3mo puedo desactivar Facebook Timeline?"},"content":{"rendered":"<p><strong><a href=\"http:\/\/www.diariosur.es\/20111216\/mas-actualidad\/tecnologia\/timeline-sustituye-perfil-facebook-201112161623.html\" target=\"_blank\" rel=\"external nofollow\">Facebook Timeline<\/a><\/strong> no termina de gustar a todos los usuarios. Seg\u00fan una encuesta publicada por <strong>Sophos Naked Security<\/strong>, un 51,29% de los usuarios tienen <strong>opini\u00f3n negativa<\/strong> sobre este<strong> &#8216;new look&#8217;<\/strong> y algo m\u00e1s de un 30% se ha planteado dejar la red social. Siendo esto as\u00ed, la gente se pregunta en <a href=\"http:\/\/google.com\" target=\"_blank\"><strong>Google<\/strong> <\/a><em><strong>&#8216;c\u00f3mo desactivar Facebook timeline&#8217;<\/strong><\/em> y declara<em><strong> &#8216;no quiero Facebook Timeline&#8217;<\/strong><\/em>. <strong>\u00bfEs esto posible?<\/strong><\/p>\n<p>La respuesta, hasta ayer, era que s\u00ed. Sobre todo si el usuario de la plataforma hab\u00eda activado <strong>Timeline<\/strong> desde una aplicaci\u00f3n externa, y no desde <strong><a href=\"http:\/\/facebook.com\" rel=\"external nofollow\">www.facebook.com<\/a><\/strong>. <strong>\u00bfY qu\u00e9 ocurre ahora?<\/strong>\u00a0La compa\u00f1\u00eda de <strong>Mark Zuckerberg<\/strong><a href=\"http:\/\/www.diariosur.es\/20120130\/mas-actualidad\/tecnologia\/facebook-impondra-nueva-biografia-201201301714.html\" target=\"_blank\" rel=\"external nofollow\"> tiene previsto renovar todos los <strong>perfiles<\/strong><\/a>, con el benepl\u00e1cito o no de los usuarios <strong>&#8220;en pocas semanas&#8221;<\/strong>. Y no habr\u00e1 vuelta atr\u00e1s.<\/p>\n<div>\n<div>Todav\u00eda los usuarios reciben una notificaci\u00f3n en su perfil con la opci\u00f3n de <strong>optar por el nuevo Timeline, tambi\u00e9n llamado Biograf\u00eda<\/strong>. Para obtenerlo de forma directa basta con entrar y pulsar en<em><strong> &#8216;obt\u00e9n la biograf\u00eda&#8217;<\/strong><\/em>. Tambi\u00e9n est\u00e1 disponible en las <a href=\"https:\/\/www.facebook.com\/android\" target=\"_blank\" rel=\"external nofollow\"><strong>app de Android<\/strong> <\/a>y en el <strong><a href=\"https:\/\/www.facebook.com\/mobile\" target=\"_blank\" rel=\"external nofollow\">portal m\u00f3vil de Facebook<\/a><\/strong> .<\/div>\n<p><\/p>\n<div><a href=\"\/soyfriki\/wp-content\/uploads\/sites\/14\/2012\/01\/facebook-timeline.jpg\"><img loading=\"lazy\" class=\"aligncenter size-full wp-image-587\" title=\"facebook-timeline\" src=\"\/soyfriki\/wp-content\/uploads\/sites\/14\/2012\/01\/facebook-timeline.jpg\" alt=\"\" width=\"660\" height=\"336\" srcset=\"https:\/\/static-blogs.diariosur.es\/wp-content\/uploads\/sites\/14\/2012\/01\/facebook-timeline.jpg 660w, https:\/\/static-blogs.diariosur.es\/wp-content\/uploads\/sites\/14\/2012\/01\/facebook-timeline-300x153.jpg 300w\" sizes=\"(max-width: 660px) 100vw, 660px\" \/><\/a><\/div>\n<\/div>\n<h2>C\u00f3mo rellenar tu Biograf\u00eda. Cuestiones de privacidad<\/h2>\n<div>Si quieres seguir en <strong>Facebook<\/strong>, s\u00f3lo te queda ponerte las pilas y trabajar en el <strong>Timeline<\/strong> a fondo. \u00a0Los responsables de la\u00a0<strong>red social<\/strong>\u00a0han presentado un paquete de\u00a0<strong>60 aplicaciones<\/strong>\u00a0a &#8216;tunear&#8217; perfil social del usuario, de acuerdo con sus <strong>aficiones o preferencias<\/strong>. <strong>Cocina, viajes, deporte, cine, m\u00fasica o historia<\/strong>, a escoger\u00a0<strong>dependiendo de aquello que quieras que sepan <\/strong>tus amigos.\u00a0Si quieres empezar a probar este nuevo sistema, tendr\u00e1s que acceder a la p\u00e1gina de\u00a0<strong><a href=\"http:\/\/www.facebook.com\/about\/timeline\/apps\" target=\"_blank\" rel=\"external nofollow\">Timeline apps<\/a><\/strong>, un sitio en el que encontrar\u00e1s todas las\u00a0<strong>aplicaciones clasificadas por temas.<\/strong><\/div>\n<p>Como no queda m\u00e1s remedio que conformarse con la nueva interfaz (o abandonar la red social), algunos usuarios comienzan a interesarse en\u00a0<strong>c\u00f3mo completar parte de las lagunas de su biograf\u00eda<\/strong>, para que quede m\u00e1s vistosa. Por ejemplo, a trav\u00e9s del icono con forma de\u00a0<strong>malet\u00edn<\/strong>\u00a0puedes a\u00f1adir datos sobre los <strong>estudios<\/strong> y los <strong>trabajos.<\/strong>\u00a0Igualmente, puedes proporcionar datos sobre tu <strong>familia<\/strong>, tus <strong>relaciones<\/strong> y tus <strong>mascotas<\/strong> a trav\u00e9s del icono del\u00a0<strong>coraz\u00f3n<\/strong>.<\/p>\n<p>Empezando por lo b\u00e1sico, en el icono de la\u00a0<strong>casa\u00a0<\/strong>puedes incluir eventos relacionados con <strong>tu casa\u00a0<\/strong>o tus <strong>compa\u00f1eros de piso<\/strong>. Todo lo relacionado con la <strong>salud<\/strong> aparece bajo el icono de la\u00a0<strong>manzana<\/strong>. \u00a0Y en el\u00a0<strong>bander\u00edn<\/strong>\u00a0puedes hablar de <strong>aficiones, idiomas y viajes<\/strong>, por ejemplo.<\/p>\n<p>Recuerda que en <strong>Facebook Timeline<\/strong>,\u00a0<strong>por defecto, cualquier evento que a\u00f1adas es p\u00fablico<\/strong>\u00a0y debes\u00a0<strong>modificar las opciones de privacidad<\/strong>\u00a0para convertirlo en\u00a0<strong>privado<\/strong>.<\/p>\n","protected":false},"excerpt":{"rendered":"<p>Facebook Timeline no termina de gustar a todos los usuarios. Seg\u00fan una encuesta publicada por Sophos Naked Security, un 51,29% de los usuarios tienen opini\u00f3n negativa sobre este &#8216;new look&#8217; y algo m\u00e1s de un 30% se ha planteado dejar la red social. Siendo esto as\u00ed, la gente se pregunta en Google &#8216;c\u00f3mo desactivar Facebook [&hellip;]<\/p>\n","protected":false},"author":7,"featured_media":0,"comment_status":"open","ping_status":"closed","sticky":false,"template":"","format":"standard","meta":[],"categories":[2,14,8,10],"tags":[41,46,165,455],"_links":{"self":[{"href":"https:\/\/blogs.diariosur.es\/soyfriki\/wp-json\/wp\/v2\/posts\/586"}],"collection":[{"href":"https:\/\/blogs.diariosur.es\/soyfriki\/wp-json\/wp\/v2\/posts"}],"about":[{"href":"https:\/\/blogs.diariosur.es\/soyfriki\/wp-json\/wp\/v2\/types\/post"}],"author":[{"embeddable":true,"href":"https:\/\/blogs.diariosur.es\/soyfriki\/wp-json\/wp\/v2\/users\/7"}],"replies":[{"embeddable":true,"href":"https:\/\/blogs.diariosur.es\/soyfriki\/wp-json\/wp\/v2\/comments?post=586"}],"version-history":[{"count":0,"href":"https:\/\/blogs.diariosur.es\/soyfriki\/wp-json\/wp\/v2\/posts\/586\/revisions"}],"wp:attachment":[{"href":"https:\/\/blogs.diariosur.es\/soyfriki\/wp-json\/wp\/v2\/media?parent=586"}],"wp:term":[{"taxonomy":"category","embeddable":true,"href":"https:\/\/blogs.diariosur.es\/soyfriki\/wp-json\/wp\/v2\/categories?post=586"},{"taxonomy":"post_tag","embeddable":true,"href":"https:\/\/blogs.diariosur.es\/soyfriki\/wp-json\/wp\/v2\/tags?post=586"}],"curies":[{"name":"wp","href":"https:\/\/api.w.org\/{rel}","templated":true}]}}