{"id":594,"date":"2012-02-01T18:00:22","date_gmt":"2012-02-01T17:00:22","guid":{"rendered":"http:\/\/blogs.diariosur.es\/soyfriki\/?p=594"},"modified":"2012-02-01T18:00:22","modified_gmt":"2012-02-01T17:00:22","slug":"redes-sociales-y-reputacion-online-con-yoriento-en-foroemotools","status":"publish","type":"post","link":"https:\/\/blogs.diariosur.es\/soyfriki\/2012\/02\/01\/redes-sociales-y-reputacion-online-con-yoriento-en-foroemotools\/","title":{"rendered":"Redes Sociales y reputaci\u00f3n online con Yoriento en #ForoEmotools"},"content":{"rendered":"<p><a href=\"http:\/\/www.emotools.com\/\" target=\"_blank\" rel=\"external nofollow\"><strong>eMOTools<\/strong> <\/a>quiere inaugurar un nuevo espacio de reflexi\u00f3n sobre ideas y tendencias en la innovaci\u00f3n que se prolongar\u00e1 con distintos actos este <strong>2012 en M\u00e1laga<\/strong>.\u00a0El evento con que se estrenan es el primer\u00a0<strong>#ForoEmotools<\/strong>, una charla-coloquio.<!--more--><br \/>\n<a href=\"\/soyfriki\/wp-content\/uploads\/sites\/14\/2012\/02\/yoriento-charla-malaga.jpg\"><img loading=\"lazy\" class=\"alignright size-full wp-image-595\" title=\"yoriento-charla-malaga\" src=\"\/soyfriki\/wp-content\/uploads\/sites\/14\/2012\/02\/yoriento-charla-malaga.jpg\" alt=\"yoriento-charla-malaga\" width=\"300\" height=\"213\" \/><\/a>La primera edici\u00f3n del <strong>#ForoEmotools<\/strong> se celebrar\u00e1 este<strong> jueves 9 de febrero, a las 18.00 horas<\/strong>, con <a href=\"http:\/\/twitter.com\/@Yoriento\" target=\"_blank\" rel=\"external nofollow\">Alfonso Alc\u00e1ntara<\/a> &#8211; o <a href=\"http:\/\/twitter.com\/@Yoriento\" rel=\"external nofollow\">@Yoriento<\/a>&#8211; que nos hablar\u00e1 sobre <strong>&#8216;Redes Sociales, gesti\u00f3n de contenidos y reputaci\u00f3n online&#8217;<\/strong>.<\/p>\n<p><a href=\"http:\/\/twitter.com\/@Yoriento\" rel=\"external nofollow\">@Yoriento<\/a> es consultor en<strong> empleo 2.0<\/strong>, <strong>desarrollo profesional<\/strong>, <strong>redes sociales<\/strong> y <strong>productividad<\/strong>. Su charla tratar\u00e1 sobre c\u00f3mo la presencia en <strong>Twitter<\/strong>, <strong>Facebook<\/strong>, <strong>Youtube<\/strong> y <strong>blogs<\/strong> necesita de una adecuada gesti\u00f3n de contenidos.<\/p>\n<p><strong>#ForoEmotools &#8211; Redes Sociales, gesti\u00f3n de contenidos y reputaci\u00f3n online<br \/>\n<\/strong><\/p>\n<ul>\n<li>Jueves 9 de Febrero<\/li>\n<li>De 18 a 20.30 horas<\/li>\n<li>Sede de ESIC &#8211; M\u00e1laga, c\/ Severo Ochoa, 58 &#8211; PTA<\/li>\n<li>Confirma asistencia en <strong><a href=\"mailto:info@emotools.com\" target=\"_blank\">info@emotools.com<\/a><\/strong> con el asunto: Nombre &#8211; #ForoEmotools<\/li>\n<\/ul>\n","protected":false},"excerpt":{"rendered":"<p>eMOTools quiere inaugurar un nuevo espacio de reflexi\u00f3n sobre ideas y tendencias en la innovaci\u00f3n que se prolongar\u00e1 con distintos actos este 2012 en M\u00e1laga.\u00a0El evento con que se estrenan es el primer\u00a0#ForoEmotools, una charla-coloquio.<\/p>\n","protected":false},"author":7,"featured_media":0,"comment_status":"open","ping_status":"closed","sticky":false,"template":"","format":"standard","meta":[],"categories":[9],"tags":[],"_links":{"self":[{"href":"https:\/\/blogs.diariosur.es\/soyfriki\/wp-json\/wp\/v2\/posts\/594"}],"collection":[{"href":"https:\/\/blogs.diariosur.es\/soyfriki\/wp-json\/wp\/v2\/posts"}],"about":[{"href":"https:\/\/blogs.diariosur.es\/soyfriki\/wp-json\/wp\/v2\/types\/post"}],"author":[{"embeddable":true,"href":"https:\/\/blogs.diariosur.es\/soyfriki\/wp-json\/wp\/v2\/users\/7"}],"replies":[{"embeddable":true,"href":"https:\/\/blogs.diariosur.es\/soyfriki\/wp-json\/wp\/v2\/comments?post=594"}],"version-history":[{"count":0,"href":"https:\/\/blogs.diariosur.es\/soyfriki\/wp-json\/wp\/v2\/posts\/594\/revisions"}],"wp:attachment":[{"href":"https:\/\/blogs.diariosur.es\/soyfriki\/wp-json\/wp\/v2\/media?parent=594"}],"wp:term":[{"taxonomy":"category","embeddable":true,"href":"https:\/\/blogs.diariosur.es\/soyfriki\/wp-json\/wp\/v2\/categories?post=594"},{"taxonomy":"post_tag","embeddable":true,"href":"https:\/\/blogs.diariosur.es\/soyfriki\/wp-json\/wp\/v2\/tags?post=594"}],"curies":[{"name":"wp","href":"https:\/\/api.w.org\/{rel}","templated":true}]}}