{"id":597,"date":"2012-02-15T11:09:29","date_gmt":"2012-02-15T10:09:29","guid":{"rendered":"http:\/\/blogs.diariosur.es\/soyfriki\/?p=597"},"modified":"2012-02-15T11:09:29","modified_gmt":"2012-02-15T10:09:29","slug":"talleres-de-creacion-de-contenidos-en-la-universidad-internacional-de-andalucia","status":"publish","type":"post","link":"https:\/\/blogs.diariosur.es\/soyfriki\/2012\/02\/15\/talleres-de-creacion-de-contenidos-en-la-universidad-internacional-de-andalucia\/","title":{"rendered":"Talleres de Creaci\u00f3n de Contenidos en la Universidad Internacional de Andaluc\u00eda"},"content":{"rendered":"<p>El proyecto de <strong>Pr\u00e1cticas y Culturas Digitales<\/strong> lanza este a\u00f1o sus <strong>Talleres de\u00a0Creaci\u00f3n de Contenidos Digitales<\/strong>, organizados en la <strong>Universidad Internacional de Andaluc\u00eda (UNIA)<\/strong>.\u00a0Un campo de estudio abierto a profesionales del \u00e1mbito de la comunicaci\u00f3n, educaci\u00f3n, arquitectura, inform\u00e1tica o telecomunicaciones.<!--more--><\/p>\n<p><strong>Talleres<\/strong> que\u00a0no s\u00f3lo giran en torno a los<strong> contenidos digitales,<\/strong>\u00a0si no que se se aplican en el estudio de <strong>tecnolog\u00edas<\/strong> y lenguajes: realizaci\u00f3n de piezas <strong>audiovisuales<\/strong>; edici\u00f3n y postproducci\u00f3n de <strong>audio y v\u00eddeo<\/strong>; creaci\u00f3n de <strong>videojuegos<\/strong>; <strong>animaci\u00f3n<\/strong> en 2D y 3D; <strong>dise\u00f1o<\/strong> gr\u00e1fico; fotograf\u00eda; <strong>sitios web,<\/strong> o visualizaci\u00f3n de informaci\u00f3n, contenidos y aplicaciones para <strong>dispositivos m\u00f3viles<\/strong>.<\/p>\n<p>En todos los casos se impartir\u00e1n bajo <strong>modalidad semipresencial<\/strong>. Las sesiones presenciales se celebrar\u00e1n, a lo largo de 4 d\u00edas, en las instalaciones de<strong> la UNIA de M\u00e1laga<\/strong>, en su mayor\u00eda, o en Sevillla, seg\u00fan los casos, y como complemento se emplear\u00e1 el <strong>Campus Virtual de la Universidad<\/strong> y otras aplicaciones de la web social.<\/p>\n<p><strong>La matr\u00edcula de cada taller cuesta 60 euros<\/strong>, y existe adem\u00e1s la posibilidad de solicitar becas. Ya est\u00e1 abierto el plazo para realizar la inscripci\u00f3n.<\/p>\n<p>Estos son los talleres:<\/p>\n<ul>\n<li><strong>Video-cartograf\u00eda<\/strong>, comunicaci\u00f3n instant\u00e1nea y gesti\u00f3n ciudadana de la crisis \u00a0M\u00e1laga. Del 5 al 8 de marzo de 2012.<\/li>\n<\/ul>\n<ul>\n<li><strong>Urbanismo t\u00e1ctico<\/strong>: acci\u00f3n social para una ciudad sostenible. \u00a0M\u00e1laga. Del 12 al 15 de marzo de 2012.<\/li>\n<\/ul>\n<ul>\n<li><strong>Mapping aplicado<\/strong> a las narrativas audiovisuales\u00a0M\u00e1laga. Del 26 al 29 de marzo de 2012.<\/li>\n<\/ul>\n<ul>\n<li><strong>Fotograf\u00eda en movimiento<\/strong>: Filmmaking DSLR.\u00a0M\u00e1laga. Del 23 al 26 de abril de 2012.<\/li>\n<\/ul>\n<ul>\n<li><strong>Realidad Aumentada<\/strong> en dispositivos m\u00f3viles.\u00a0M\u00e1laga. Del 21 al 24 de mayo de 2012\u00a0Pr\u00e1cticas art\u00edsticas con <strong>Realidad Aumentada<\/strong>.\u00a0Sevilla. Del 11 al 14 de junio de 2012.<\/li>\n<\/ul>\n<div><strong>Enlaces de inter\u00e9s:<\/strong><\/div>\n<div>\n<ul>\n<li>Universidad Internacional de Andaluc\u00eda: \u00a0<a href=\"http:\/\/www.unia.es\" rel=\"external nofollow\">http:\/\/www.unia.es<\/a><\/li>\n<li>Proyecto de Pr\u00e1cticas y Culturas Digitales: \u00a0<a href=\"http:\/\/www.linkedin.com\/redirect?url=http%3A%2F%2Fpracticasdigitales%2Eunia%2Ees&#038;urlhash=2OrU&#038;_t=mbox_mebc\" rel=\"external nofollow\">http:\/\/practicasdigitales.unia.es<\/a><\/li>\n<li>M\u00e1s informaci\u00f3n y matr\u00edculas en la web del proyecto:\u00a0<a href=\"http:\/\/www.linkedin.com\/redirect?url=http%3A%2F%2Fpracticasdigitales%2Eunia%2Ees%2Factividades%2Factividades%2Ehtml&#038;urlhash=4MzY&#038;_t=mbox_mebc\" rel=\"external nofollow\">http:\/\/practicasdigitales.unia.es\/actividades\/actividades.html<\/a><\/li>\n<\/ul>\n<\/div>\n<div><a href=\"\/soyfriki\/wp-content\/uploads\/sites\/14\/2012\/02\/taller-contenidos.jpg\"><img loading=\"lazy\" class=\"aligncenter size-full wp-image-598\" title=\"taller-contenidos\" src=\"\/soyfriki\/wp-content\/uploads\/sites\/14\/2012\/02\/taller-contenidos.jpg\" alt=\"Taller de Contenidos Digitales de la UNIA\" width=\"590\" height=\"362\" srcset=\"https:\/\/static-blogs.diariosur.es\/wp-content\/uploads\/sites\/14\/2012\/02\/taller-contenidos.jpg 590w, https:\/\/static-blogs.diariosur.es\/wp-content\/uploads\/sites\/14\/2012\/02\/taller-contenidos-300x184.jpg 300w\" sizes=\"(max-width: 590px) 100vw, 590px\" \/><\/a><\/div>\n","protected":false},"excerpt":{"rendered":"<p>El proyecto de Pr\u00e1cticas y Culturas Digitales lanza este a\u00f1o sus Talleres de\u00a0Creaci\u00f3n de Contenidos Digitales, organizados en la Universidad Internacional de Andaluc\u00eda (UNIA).\u00a0Un campo de estudio abierto a profesionales del \u00e1mbito de la comunicaci\u00f3n, educaci\u00f3n, arquitectura, inform\u00e1tica o telecomunicaciones.<\/p>\n","protected":false},"author":7,"featured_media":0,"comment_status":"open","ping_status":"closed","sticky":false,"template":"","format":"standard","meta":[],"categories":[2,13,5,7,10],"tags":[46,52,113,284,312,438,447,490,497],"_links":{"self":[{"href":"https:\/\/blogs.diariosur.es\/soyfriki\/wp-json\/wp\/v2\/posts\/597"}],"collection":[{"href":"https:\/\/blogs.diariosur.es\/soyfriki\/wp-json\/wp\/v2\/posts"}],"about":[{"href":"https:\/\/blogs.diariosur.es\/soyfriki\/wp-json\/wp\/v2\/types\/post"}],"author":[{"embeddable":true,"href":"https:\/\/blogs.diariosur.es\/soyfriki\/wp-json\/wp\/v2\/users\/7"}],"replies":[{"embeddable":true,"href":"https:\/\/blogs.diariosur.es\/soyfriki\/wp-json\/wp\/v2\/comments?post=597"}],"version-history":[{"count":0,"href":"https:\/\/blogs.diariosur.es\/soyfriki\/wp-json\/wp\/v2\/posts\/597\/revisions"}],"wp:attachment":[{"href":"https:\/\/blogs.diariosur.es\/soyfriki\/wp-json\/wp\/v2\/media?parent=597"}],"wp:term":[{"taxonomy":"category","embeddable":true,"href":"https:\/\/blogs.diariosur.es\/soyfriki\/wp-json\/wp\/v2\/categories?post=597"},{"taxonomy":"post_tag","embeddable":true,"href":"https:\/\/blogs.diariosur.es\/soyfriki\/wp-json\/wp\/v2\/tags?post=597"}],"curies":[{"name":"wp","href":"https:\/\/api.w.org\/{rel}","templated":true}]}}