{"id":609,"date":"2012-02-22T22:54:08","date_gmt":"2012-02-22T21:54:08","guid":{"rendered":"http:\/\/blogs.diariosur.es\/soyfriki\/?p=609"},"modified":"2012-02-22T22:54:08","modified_gmt":"2012-02-22T21:54:08","slug":"la-ira-de-twitter-en-malaga-contra-carlos-aranda","status":"publish","type":"post","link":"https:\/\/blogs.diariosur.es\/soyfriki\/2012\/02\/22\/la-ira-de-twitter-en-malaga-contra-carlos-aranda\/","title":{"rendered":"La ira de Twitter en M\u00e1laga contra Carlos Aranda"},"content":{"rendered":"<p>Es de prever que si alguien se mete con el <strong>M\u00e1laga Club de F\u00fatbol<\/strong>, la afici\u00f3n se le tire al cuello. Lo que no es tan normal es que ese que se mete se uno de la casa.\u00a0El delantero malague\u00f1o del <strong>Real Zaragoza<\/strong>, <a href=\"http:\/\/malagacf.diariosur.es\/noticias\/2012-02-22\/aranda-malagueno-pero-malaguista-201202222132.html\" rel=\"external nofollow\"><strong>Carlos Aranda<\/strong>, asegur\u00f3 hoy -como publica SUR.es- que es &#8220;malague\u00f1o pero no malaguista, que es muy diferente&#8221;<\/a> porque nunca se ha sentido bien tratado en <strong>La Rosaleda<\/strong> y para colmo ha a\u00f1adido que casi siempre ha salido triunfador en el estadio. Y claro, los tuiteros no se callan y <strong>#Aranda<\/strong> ya est\u00e1, muy a su pesar, en el<strong> trending topic local.<!--more--><\/strong><\/p>\n<p style=\"text-align: center;\"><img loading=\"lazy\" class=\"aligncenter\" title=\"Carlos Aranda\" src=\"\/\/www.diariosur.es\/RC\/201008\/29\/Media\/osasuna--647x231.jpg\" alt=\"\" width=\"518\" height=\"185\" \/><\/p>\n<p style=\"text-align: left;\">Y no es cari\u00f1o lo que destilan los comentarios, sino enfado. Ha habido mensajes suaves como el de\u00a0<strong><a href=\"https:\/\/twitter.com\/#!\/Vanum29\" data-user-id=\"374694788\" rel=\"external nofollow\">Vanessa la Malague\u00f1a\u00a0<s>@<\/s>Vanum29<\/a><\/strong>, que le dec\u00eda &#8220;anda, que te vas a morir con las ganas de jugar en el Malaga&#8221; o el de\u00a0<strong><a href=\"https:\/\/twitter.com\/#!\/Marina_mlg88\" data-user-id=\"327303243\" rel=\"external nofollow\">marina martin\u00a0<s>@<\/s>Marina_mlg88<\/a>\u00a0<\/strong>que comentaba: &#8220;Te\u00a0retratas tu solito con tus palabras&#8230;. En Malaga te queremos bien lejos&#8230;&#8221;. Pero la ira se ha apoderado de tuits que lo han llamado<strong> &#8220;payaso&#8221;, &#8220;chulo&#8221;, &#8220;indeseable&#8221;, &#8220;malo&#8221; o &#8220;flojo&#8221;<\/strong>. Leer para creer, porque <a href=\"https:\/\/twitter.com\/#!\/search\/realtime\/aranda%20near%3A%22malaga%22%20within%3A15km\" rel=\"external nofollow\">todo est\u00e1 en este link<\/a>.<\/p>\n<p>&#8220;Los recuerdos son todos malos porque un malague\u00f1o que va all\u00ed y no lo tratan bien no son buenos, pero creo que he perdido un partido de los ocho o nueve que he jugado all\u00ed&#8221;, coment\u00f3 <strong>Carlos Aranda<\/strong> en su comparecencia que tanto ha dado que hablar. El compa\u00f1ero periodista\u00a0<strong><a href=\"https:\/\/twitter.com\/#!\/DaniMarin1\" data-user-id=\"190050475\" rel=\"external nofollow\">Dani Mar\u00edn\u00a0<s>@<\/s>DaniMarin1<\/a><\/strong>\u00a0lo resum\u00eda perfectamente. &#8220;<strong>Apo\u00f1o<\/strong>: &#8220;Saludar\u00e9 a <strong>Pellegrini<\/strong> si lo veo&#8221;.\u00a0<strong>Aranda<\/strong>: &#8220;Soy malague\u00f1o, no malaguista&#8221;. Las verdades de <strong>Apo\u00f1o<\/strong> y\u00a0<strong>Aranda<\/strong>&#8220;.<\/p>\n<p><a href=\"https:\/\/twitter.com\/#!\/darioapt\" data-user-id=\"149445018\" rel=\"external nofollow\">D<strong>ario del Alcazar\u00a0<s>@<\/s>darioapt<\/strong><\/a>\u00a0resum\u00eda: &#8220;<strong>Aranda<\/strong>, te vas a enterar el s\u00e1bado en la <strong>Rosaleda<\/strong>. No tienes calidad pa jugar en el\u00a0<strong><a href=\"https:\/\/twitter.com\/MalagaCF\" rel=\"nofollow external\" data-screen-name=\"MalagaCF\"><s>@<\/s>MalagaCF<\/a><\/strong>\u00a0ni cuando est\u00e1bamos en 3\u00aa&#8221;. \u00a0No obstante <strong>Aranda<\/strong> quiso reconocer que el equipo de su ciudad cuenta con &#8220;buenos jugadores&#8221;, pero ni eso le ha servido para aplacar la ira tuitera en <strong>M\u00e1laga<\/strong>.<\/p>\n<p>&nbsp;<\/p>\n","protected":false},"excerpt":{"rendered":"<p>Es de prever que si alguien se mete con el M\u00e1laga Club de F\u00fatbol, la afici\u00f3n se le tire al cuello. Lo que no es tan normal es que ese que se mete se uno de la casa.\u00a0El delantero malague\u00f1o del Real Zaragoza, Carlos Aranda, asegur\u00f3 hoy -como publica SUR.es- que es &#8220;malague\u00f1o pero no [&hellip;]<\/p>\n","protected":false},"author":7,"featured_media":0,"comment_status":"open","ping_status":"closed","sticky":false,"template":"","format":"standard","meta":[],"categories":[8],"tags":[281,468,483],"_links":{"self":[{"href":"https:\/\/blogs.diariosur.es\/soyfriki\/wp-json\/wp\/v2\/posts\/609"}],"collection":[{"href":"https:\/\/blogs.diariosur.es\/soyfriki\/wp-json\/wp\/v2\/posts"}],"about":[{"href":"https:\/\/blogs.diariosur.es\/soyfriki\/wp-json\/wp\/v2\/types\/post"}],"author":[{"embeddable":true,"href":"https:\/\/blogs.diariosur.es\/soyfriki\/wp-json\/wp\/v2\/users\/7"}],"replies":[{"embeddable":true,"href":"https:\/\/blogs.diariosur.es\/soyfriki\/wp-json\/wp\/v2\/comments?post=609"}],"version-history":[{"count":0,"href":"https:\/\/blogs.diariosur.es\/soyfriki\/wp-json\/wp\/v2\/posts\/609\/revisions"}],"wp:attachment":[{"href":"https:\/\/blogs.diariosur.es\/soyfriki\/wp-json\/wp\/v2\/media?parent=609"}],"wp:term":[{"taxonomy":"category","embeddable":true,"href":"https:\/\/blogs.diariosur.es\/soyfriki\/wp-json\/wp\/v2\/categories?post=609"},{"taxonomy":"post_tag","embeddable":true,"href":"https:\/\/blogs.diariosur.es\/soyfriki\/wp-json\/wp\/v2\/tags?post=609"}],"curies":[{"name":"wp","href":"https:\/\/api.w.org\/{rel}","templated":true}]}}