{"id":612,"date":"2012-03-02T11:08:14","date_gmt":"2012-03-02T10:08:14","guid":{"rendered":"http:\/\/blogs.diariosur.es\/soyfriki\/?p=612"},"modified":"2012-03-02T11:08:14","modified_gmt":"2012-03-02T10:08:14","slug":"el-twitter-oficial-de-cristobal-montoro-confirma-la-muerte-de-hugo-chavez","status":"publish","type":"post","link":"https:\/\/blogs.diariosur.es\/soyfriki\/2012\/03\/02\/el-twitter-oficial-de-cristobal-montoro-confirma-la-muerte-de-hugo-chavez\/","title":{"rendered":"El Twitter \u2018oficial\u2019 de Cristobal Montoro confirma la muerte de Hugo Ch\u00e1vez"},"content":{"rendered":"<p>Hasta hoy la cuenta presuntamente oficial de <strong>Cristobal Montoro en <a href=\"https:\/\/blogs.diariosur.es\/soyfriki\/tag\/twitter\/\">Twitter<\/a><\/strong>hab\u00eda pasado desapercibida, entre otras cosas por su mesura y por su discreto n\u00famero de tuits, tan s\u00f3lo ocho desde el pasado 23 de enero. Pero esta ma\u00f1ana se ha destapado con este mesa <strong><em>\u201cEl Ministro de Econom\u00eca de Cuba me informa ahora de la muerte del presidente de Venezuela Hugo Chavez esta noche en La Habana\u201d<\/em><\/strong>, una declaraci\u00f3n que est\u00e1 levantando bastante revuelo ante el desconocimiento de la oficialidad real de esta cuenta, llamada <strong><a href=\"http:\/\/twitter.com\/montorooficial\" rel=\"external nofollow\">@MontoroOficial<\/a><\/strong>, que cuenta con <strong>Cristobal Montoro<\/strong>,<strong> ministro de Econom\u00eda del Gobierno Rajoy<\/strong> como imagen visible. \u00bfEs realmente la oficial?<\/p>\n<p>&nbsp;<\/p>\n<blockquote class=\"twitter-tweet tw-align-center\" lang=\"es\"><p>El Ministro de Econom\u00eca de Cuba me informa ahora de la muerte del presidente de Venezuela Hugo Chavez esta noche en La Habana<\/p>\n<p>\u2014 Cristobal Montoro (@MontoroOficial) <a href=\"https:\/\/twitter.com\/MontoroOficial\/status\/175504538684497922\" data-datetime=\"2012-03-02T08:55:17+00:00\" rel=\"external nofollow\">marzo 2, 2012<\/a><\/p><\/blockquote>\n<p><script charset=\"utf-8\" type=\"text\/javascript\" src=\"\/\/platform.twitter.com\/widgets.js\"><\/script><br \/>\n<strong>Hugo Ch\u00e1vez<\/strong> ya ha entrado en el<strong><a href=\"https:\/\/blogs.diariosur.es\/soyfriki\/tag\/topic\/\"> trending topic<\/a><\/strong>, y el <strong>PP<\/strong> ni confirma ni desmiente la validez de esta cuenta, que hasta ahora se ha caracterizado por la sobriedad, con post como <em><strong>\u201cLos Presupuestos Generales del Estado 2012 seran aprobados el d\u00eca 9 de marzo\u201d<\/strong><\/em> o <em><strong>\u201cEl Gobierno aprobar\u00e0 en esta semana una reforma global del sector el\u00e9ctrico\u201d<\/strong><\/em>. Escasa actividad, pero muy cuerda, y un tuit revolucionario que coincide con las declaraciones de este jueves del presidente de Venezuela. <strong>Hugo Ch\u00e1vez<\/strong> afirmaba este jueves que est\u00e1 <em>&#8220;bien&#8221;<\/em> y se recupera<em> &#8220;aceleradamente&#8221;<\/em> de la cirug\u00eda a la que se someti\u00f3 esta semana en Cuba en la misma zona donde le detectaron un c\u00e1ncer en 2011, durante una llamada telef\u00f3nica al canal oficial VTV.<\/p>\n<p>Habr\u00e1 que ver c\u00f3mo sale todo esto\u2026<\/p>\n","protected":false},"excerpt":{"rendered":"<p>Hasta hoy la cuenta presuntamente oficial de Cristobal Montoro en Twitterhab\u00eda pasado desapercibida, entre otras cosas por su mesura y por su discreto n\u00famero de tuits, tan s\u00f3lo ocho desde el pasado 23 de enero. Pero esta ma\u00f1ana se ha destapado con este mesa \u201cEl Ministro de Econom\u00eca de Cuba me informa ahora de la [&hellip;]<\/p>\n","protected":false},"author":7,"featured_media":0,"comment_status":"open","ping_status":"closed","sticky":false,"template":"","format":"standard","meta":[],"categories":[8],"tags":[],"_links":{"self":[{"href":"https:\/\/blogs.diariosur.es\/soyfriki\/wp-json\/wp\/v2\/posts\/612"}],"collection":[{"href":"https:\/\/blogs.diariosur.es\/soyfriki\/wp-json\/wp\/v2\/posts"}],"about":[{"href":"https:\/\/blogs.diariosur.es\/soyfriki\/wp-json\/wp\/v2\/types\/post"}],"author":[{"embeddable":true,"href":"https:\/\/blogs.diariosur.es\/soyfriki\/wp-json\/wp\/v2\/users\/7"}],"replies":[{"embeddable":true,"href":"https:\/\/blogs.diariosur.es\/soyfriki\/wp-json\/wp\/v2\/comments?post=612"}],"version-history":[{"count":0,"href":"https:\/\/blogs.diariosur.es\/soyfriki\/wp-json\/wp\/v2\/posts\/612\/revisions"}],"wp:attachment":[{"href":"https:\/\/blogs.diariosur.es\/soyfriki\/wp-json\/wp\/v2\/media?parent=612"}],"wp:term":[{"taxonomy":"category","embeddable":true,"href":"https:\/\/blogs.diariosur.es\/soyfriki\/wp-json\/wp\/v2\/categories?post=612"},{"taxonomy":"post_tag","embeddable":true,"href":"https:\/\/blogs.diariosur.es\/soyfriki\/wp-json\/wp\/v2\/tags?post=612"}],"curies":[{"name":"wp","href":"https:\/\/api.w.org\/{rel}","templated":true}]}}