{"id":614,"date":"2012-03-05T17:56:06","date_gmt":"2012-03-05T16:56:06","guid":{"rendered":"http:\/\/blogs.diariosur.es\/soyfriki\/?p=614"},"modified":"2012-03-05T17:56:06","modified_gmt":"2012-03-05T16:56:06","slug":"entreculturas-alboan-y-cruz-roja-con-la-iniciativa-solidaria-donatumovil-es","status":"publish","type":"post","link":"https:\/\/blogs.diariosur.es\/soyfriki\/2012\/03\/05\/entreculturas-alboan-y-cruz-roja-con-la-iniciativa-solidaria-donatumovil-es\/","title":{"rendered":"Entreculturas, Alboan y Cruz Roja con la iniciativa solidaria Donatumovil.es"},"content":{"rendered":"<p><a href=\"http:\/\/www.entreculturas.org\/\" rel=\"external nofollow\"><strong>Entreculturas<\/strong><\/a><strong>,\u00a0<a href=\"http:\/\/www.alboan.org\/portal\/index.asp\" rel=\"external nofollow\">Alboan<\/a>\u00a0<\/strong>y<strong>\u00a0<a href=\"http:\/\/blog.forman.es\/http:\/\/www.cruzroja.es\/portada\/\" rel=\"external nofollow\">Cruz Roja<\/a><\/strong>\u00a0se unen para llevar a cabo una campa\u00f1a m\u00e1s que necesaria:\u00a0<strong><a href=\"http:\/\/www.donatumovil.es\/\" rel=\"external nofollow\">Dona tu M\u00f3vil<\/a><\/strong>. Una iniciativa solidaria de, para reutilizar o en su caso reciclar correctamente, aquellos m\u00f3viles que ya no usamos. Y digo necesaria porque adem\u00e1s de contribuir a un fin social, te quitas de en medio esos cacharros que ya no usas y que acabar\u00e1s tirando en el lugar menos adecuado.<!--more--><\/p>\n<p>La campa\u00f1a destinar\u00e1\u00a0los ingresos de la reutilizaci\u00f3n de los m\u00f3viles a proyectos humanitarios, sociales y de educaci\u00f3n en favor de los colectivos y pa\u00edses m\u00e1s desfavorecidos.<\/p>\n<p>La recogida de m\u00f3viles de esta campa\u00f1a se realiza a trav\u00e9s de dos v\u00edas: mediante diversos contenedores en toda la ciudad y a trav\u00e9s de la distribuci\u00f3n de bolsas para recoger los m\u00f3viles en domicilios y empresas. En ese caso, ser\u00e1n los usuarios los responsables de su deposito en la Oficina de Correos m\u00e1s pr\u00f3xima, y sin coste.<\/p>\n<p style=\"text-align: center;\"><a href=\"http:\/\/blog.forman.es\/wp-content\/uploads\/2012\/03\/dona-tu-m%C3%B3vil-2.jpg\" rel=\"external nofollow\"><img loading=\"lazy\" class=\"aligncenter\" title=\"dona tu m\u00f3vil 2\" src=\"\/\/blog.forman.es\/wp-content\/uploads\/2012\/03\/dona-tu-m%C3%B3vil-2.jpg\" alt=\"\" width=\"530\" height=\"397\" \/><\/a><\/p>\n<p>&nbsp;<\/p>\n<p>Cualquier entidad puede adherirse a esta campa\u00f1a de coste cero, que permite reciclar y en su caso reutilizar los m\u00f3viles fuera de uso, consiguiendo a su vez ingresos.\u00a0Para participar en como empresacampa\u00f1a, s\u00f3lo debes que entrar\u00a0<a href=\"http:\/\/www.donatumovil.es\/\" rel=\"external nofollow\"><strong>www.donatumovil.es<\/strong><\/a>\u00a0o escribir un correo en la siguiente direcci\u00f3n\u00a0<strong><a href=\"mailto:info@donatumovil.org\">info@donatumovil.org<\/a>.<\/strong><\/p>\n<p style=\"text-align: right;\"><em>Info extra\u00edda del <a href=\"http:\/\/blog.forman.es\/?p=2163\" rel=\"_nofollow external nofollow\" target=\"_blank\">Blog de Forman<\/a><\/em><\/p>\n<p style=\"text-align: right;\">\n","protected":false},"excerpt":{"rendered":"<p>Entreculturas,\u00a0Alboan\u00a0y\u00a0Cruz Roja\u00a0se unen para llevar a cabo una campa\u00f1a m\u00e1s que necesaria:\u00a0Dona tu M\u00f3vil. Una iniciativa solidaria de, para reutilizar o en su caso reciclar correctamente, aquellos m\u00f3viles que ya no usamos. Y digo necesaria porque adem\u00e1s de contribuir a un fin social, te quitas de en medio esos cacharros que ya no usas y [&hellip;]<\/p>\n","protected":false},"author":7,"featured_media":0,"comment_status":"open","ping_status":"closed","sticky":false,"template":"","format":"standard","meta":[],"categories":[8],"tags":[311,339,419],"_links":{"self":[{"href":"https:\/\/blogs.diariosur.es\/soyfriki\/wp-json\/wp\/v2\/posts\/614"}],"collection":[{"href":"https:\/\/blogs.diariosur.es\/soyfriki\/wp-json\/wp\/v2\/posts"}],"about":[{"href":"https:\/\/blogs.diariosur.es\/soyfriki\/wp-json\/wp\/v2\/types\/post"}],"author":[{"embeddable":true,"href":"https:\/\/blogs.diariosur.es\/soyfriki\/wp-json\/wp\/v2\/users\/7"}],"replies":[{"embeddable":true,"href":"https:\/\/blogs.diariosur.es\/soyfriki\/wp-json\/wp\/v2\/comments?post=614"}],"version-history":[{"count":0,"href":"https:\/\/blogs.diariosur.es\/soyfriki\/wp-json\/wp\/v2\/posts\/614\/revisions"}],"wp:attachment":[{"href":"https:\/\/blogs.diariosur.es\/soyfriki\/wp-json\/wp\/v2\/media?parent=614"}],"wp:term":[{"taxonomy":"category","embeddable":true,"href":"https:\/\/blogs.diariosur.es\/soyfriki\/wp-json\/wp\/v2\/categories?post=614"},{"taxonomy":"post_tag","embeddable":true,"href":"https:\/\/blogs.diariosur.es\/soyfriki\/wp-json\/wp\/v2\/tags?post=614"}],"curies":[{"name":"wp","href":"https:\/\/api.w.org\/{rel}","templated":true}]}}