{"id":615,"date":"2012-03-08T13:00:37","date_gmt":"2012-03-08T12:00:37","guid":{"rendered":"http:\/\/blogs.diariosur.es\/soyfriki\/?p=615"},"modified":"2012-03-08T13:00:37","modified_gmt":"2012-03-08T12:00:37","slug":"oportunidades-de-negocio-en-el-sector-periodistico-manana-en-el-pta","status":"publish","type":"post","link":"https:\/\/blogs.diariosur.es\/soyfriki\/2012\/03\/08\/oportunidades-de-negocio-en-el-sector-periodistico-manana-en-el-pta\/","title":{"rendered":"Oportunidades de negocio en el sector period\u00edstico, ma\u00f1ana en el PTA"},"content":{"rendered":"<p>Ya saben los que me conocen que no me gusta vender humo, y menos en <strong>social media<\/strong>. Por eso, cuando me preguntaron si me gustar\u00eda participar en el <strong>evento &#8216;Oportunidades de negocio en el sector period\u00edstico&#8217;<\/strong>, no me lo pens\u00e9 dos veces sobre todo sabiendo que ir\u00eda prologado por un t\u00edo tan serio y cabal como <strong><a href=\"http:\/\/twitter.com\/Yoriento\" target=\"_blank\" rel=\"external nofollow\">Alfonso @Yoriento Alc\u00e1ntara<\/a>.<\/strong><!--more--><\/p>\n<p>Y os aseguro que el resto de este post dejo de hablar de mi libro.\u00a0Ma\u00f1ana en el <strong><a href=\"http:\/\/maps.google.es\/maps?q=calle+Marie+Curie,+8+malaga&#038;um=1&#038;ie=UTF-8&#038;hq=&#038;hnear=0xd72f0331ee44c1b:0x1303d27888159171,Calle+de+Marie+Curie,+8,+29590+M%C3%A1laga&#038;gl=es&#038;ei=pCxZT8XgL4Td8AOPkfHjDg&#038;sa=X&#038;oi=geocode_result&#038;ct=title&#038;resnum=1&#038;ved=0CCwQ8gEwAA\" target=\"_blank\" rel=\"external nofollow\">CADE M\u00e1laga, en el PTA (calle Marie Curie, 8 )<\/a><\/strong> se celebra este <strong>&#8216;Oportunidades de negocio en el sector period\u00edstico&#8217;<\/strong>, un empuj\u00f3n al fomento de la cultura emprendedora y los nuevos caminos en un sector -dicen que en crisis- como el periodismo. Y se enfoca al 2.0, \u00a1qu\u00e9 raro en estos tiempos!<\/p>\n<p>Desde las 10.15 horas,\u00a0<strong><a href=\"http:\/\/twitter.com\/Yoriento\" target=\"_blank\" rel=\"external nofollow\">@Yoriento<\/a>\u00a0<\/strong>experto en <strong>reputaci\u00f3n online y RRHH<\/strong> hablar\u00e1 sobre periodismo socialmedia:<strong> &#8216;no busques noticias, haz que te\u00a0 encuentren&#8217;<\/strong> es el lema. Y suena muy apetecible. Y entre la presentaci\u00f3n de\u00a0<strong>Andaluc\u00eda Emprende<\/strong> y otros temas institucionales, a las 12.45 llegamos \u00a0<strong><a href=\"http:\/\/twitter.com\/AlvaroAbad\" target=\"_blank\" rel=\"external nofollow\">@AlvaroAbad<\/a><\/strong>, \u00a0gerente de <a href=\"http:\/\/www.cocom.tv\/\" target=\"_blank\" rel=\"external nofollow\">COCOM<\/a>;\u00a0<strong><a href=\"http:\/\/twitter.com\/RafaelUceda\" target=\"_blank\" rel=\"external nofollow\">@RafaelUceda<\/a>,<\/strong> director <a href=\"http:\/\/www.ucedaasesores.com\/\" target=\"_blank\" rel=\"external nofollow\">Uceda Asesores de Comunicaci\u00f3n<\/a>, y servidor, que pasa por ser\u00a0responsable de <a href=\"http:\/\/www.sur.es\" target=\"_blank\" rel=\"external nofollow\">Comunidad y Social Media de SUR<\/a>, entre otras cosas. Una mesa redonda sobre la situaci\u00f3n del sector. Esto comenzar\u00e1 sobre las 12.45 horas.<\/p>\n<p><strong>\u00bfQuieres venir? \u00bfM\u00e1s informaci\u00f3n? En\u00a0<a href=\"mailto:apm@aprensamalaga.com\">apm@aprensamalaga.com<\/a><\/strong><\/p>\n","protected":false},"excerpt":{"rendered":"<p>Ya saben los que me conocen que no me gusta vender humo, y menos en social media. Por eso, cuando me preguntaron si me gustar\u00eda participar en el evento &#8216;Oportunidades de negocio en el sector period\u00edstico&#8217;, no me lo pens\u00e9 dos veces sobre todo sabiendo que ir\u00eda prologado por un t\u00edo tan serio y cabal [&hellip;]<\/p>\n","protected":false},"author":7,"featured_media":0,"comment_status":"open","ping_status":"closed","sticky":false,"template":"","format":"standard","meta":[],"categories":[8,10],"tags":[85,150,281,354,602],"_links":{"self":[{"href":"https:\/\/blogs.diariosur.es\/soyfriki\/wp-json\/wp\/v2\/posts\/615"}],"collection":[{"href":"https:\/\/blogs.diariosur.es\/soyfriki\/wp-json\/wp\/v2\/posts"}],"about":[{"href":"https:\/\/blogs.diariosur.es\/soyfriki\/wp-json\/wp\/v2\/types\/post"}],"author":[{"embeddable":true,"href":"https:\/\/blogs.diariosur.es\/soyfriki\/wp-json\/wp\/v2\/users\/7"}],"replies":[{"embeddable":true,"href":"https:\/\/blogs.diariosur.es\/soyfriki\/wp-json\/wp\/v2\/comments?post=615"}],"version-history":[{"count":0,"href":"https:\/\/blogs.diariosur.es\/soyfriki\/wp-json\/wp\/v2\/posts\/615\/revisions"}],"wp:attachment":[{"href":"https:\/\/blogs.diariosur.es\/soyfriki\/wp-json\/wp\/v2\/media?parent=615"}],"wp:term":[{"taxonomy":"category","embeddable":true,"href":"https:\/\/blogs.diariosur.es\/soyfriki\/wp-json\/wp\/v2\/categories?post=615"},{"taxonomy":"post_tag","embeddable":true,"href":"https:\/\/blogs.diariosur.es\/soyfriki\/wp-json\/wp\/v2\/tags?post=615"}],"curies":[{"name":"wp","href":"https:\/\/api.w.org\/{rel}","templated":true}]}}