{"id":621,"date":"2012-03-11T11:05:29","date_gmt":"2012-03-11T10:05:29","guid":{"rendered":"http:\/\/blogs.diariosur.es\/soyfriki\/?p=621"},"modified":"2012-03-11T11:05:29","modified_gmt":"2012-03-11T10:05:29","slug":"campus-party-espana-2012-en-barcelona-del-23-al-29-de-julio","status":"publish","type":"post","link":"https:\/\/blogs.diariosur.es\/soyfriki\/2012\/03\/11\/campus-party-espana-2012-en-barcelona-del-23-al-29-de-julio\/","title":{"rendered":"Campus Party Espa\u00f1a 2012, en Barcelona del 23 al 29 de julio"},"content":{"rendered":"<p>Todav\u00eda est\u00e1n cerr\u00e1ndose alguno flecos legales con <strong>Valencia<\/strong>, pero <strong>Barcelona<\/strong> se perfila como la nueva sede de la Campus Party 2012. En los proximos dias se har\u00e1 completamente oficial que la nueva sede de <strong>Campus Party Espa\u00f1a<\/strong> ser\u00e1 la capital catalana. <strong>Campus Party Barcelona 2012<\/strong> tendr\u00eda una capacidad de entre 5000-6000 participantes y se celebrar\u00eda <strong>entre el 23 y el 29 de julio<\/strong>, seg\u00fan ha explicado la <strong>cofundadora del evento, Belinda Galiano<\/strong>, en una entrevista a 5.0 (programa de nuevas tecnolog\u00edas de <strong>Radio 5, RNE<\/strong>).<!--more--><\/p>\n<p>La causa es que el acuerdo con la <strong>Generalitat Valenciana<\/strong> es cuatrianual, y tras la salida de Camps, el nuevo presidente <strong>Alberto Fabra<\/strong> alega una dura situaci\u00f3n econ\u00f3mica de la comunitat para poder realizar un nuevo evento. \u00a1Ya podr\u00edan haber venido<strong> la Campus Party a M\u00e1laga<\/strong>! De cualquier forma salimos indirectamente beneficiados, ya que la<strong> ciudad condal e<\/strong>st\u00e1 mejor comunicada que <strong>Valencia<\/strong>, adem\u00e1s de contar con una m\u00e1s amplia oferta hotelera, para todos los p\u00fablicos.<\/p>\n<p>Las cifras que necesita un evento de este tipo rondan el mill\u00f3n de euros, seg\u00fan detall\u00f3 Galiano. Y s\u00f3lo Barcelona podr\u00eda hacer frente a una inversi\u00f3n de ese tipo, por sus saneadas cuentas- En 2011 la <strong>Generalitat Valenciana y Ayuntamiento<\/strong> aportaron unos 850.00 euros a la Campus, la mayor partida con que cuenta<strong> Futura Network<\/strong>, la organizadora de la <strong>Campus Party<\/strong>, para la montar las jornadas.<\/p>\n","protected":false},"excerpt":{"rendered":"<p>Todav\u00eda est\u00e1n cerr\u00e1ndose alguno flecos legales con Valencia, pero Barcelona se perfila como la nueva sede de la Campus Party 2012. En los proximos dias se har\u00e1 completamente oficial que la nueva sede de Campus Party Espa\u00f1a ser\u00e1 la capital catalana. Campus Party Barcelona 2012 tendr\u00eda una capacidad de entre 5000-6000 participantes y se celebrar\u00eda [&hellip;]<\/p>\n","protected":false},"author":7,"featured_media":622,"comment_status":"open","ping_status":"closed","sticky":false,"template":"","format":"standard","meta":[],"categories":[5,8],"tags":[56,78,159,492],"_links":{"self":[{"href":"https:\/\/blogs.diariosur.es\/soyfriki\/wp-json\/wp\/v2\/posts\/621"}],"collection":[{"href":"https:\/\/blogs.diariosur.es\/soyfriki\/wp-json\/wp\/v2\/posts"}],"about":[{"href":"https:\/\/blogs.diariosur.es\/soyfriki\/wp-json\/wp\/v2\/types\/post"}],"author":[{"embeddable":true,"href":"https:\/\/blogs.diariosur.es\/soyfriki\/wp-json\/wp\/v2\/users\/7"}],"replies":[{"embeddable":true,"href":"https:\/\/blogs.diariosur.es\/soyfriki\/wp-json\/wp\/v2\/comments?post=621"}],"version-history":[{"count":0,"href":"https:\/\/blogs.diariosur.es\/soyfriki\/wp-json\/wp\/v2\/posts\/621\/revisions"}],"wp:featuredmedia":[{"embeddable":true,"href":"https:\/\/blogs.diariosur.es\/soyfriki\/wp-json\/wp\/v2\/media\/622"}],"wp:attachment":[{"href":"https:\/\/blogs.diariosur.es\/soyfriki\/wp-json\/wp\/v2\/media?parent=621"}],"wp:term":[{"taxonomy":"category","embeddable":true,"href":"https:\/\/blogs.diariosur.es\/soyfriki\/wp-json\/wp\/v2\/categories?post=621"},{"taxonomy":"post_tag","embeddable":true,"href":"https:\/\/blogs.diariosur.es\/soyfriki\/wp-json\/wp\/v2\/tags?post=621"}],"curies":[{"name":"wp","href":"https:\/\/api.w.org\/{rel}","templated":true}]}}