{"id":623,"date":"2012-03-12T12:26:31","date_gmt":"2012-03-12T11:26:31","guid":{"rendered":"http:\/\/blogs.diariosur.es\/soyfriki\/?p=623"},"modified":"2012-03-12T12:26:31","modified_gmt":"2012-03-12T11:26:31","slug":"actitud-social-social-media-en-la-uma-el-proximo-21-de-marzo","status":"publish","type":"post","link":"https:\/\/blogs.diariosur.es\/soyfriki\/2012\/03\/12\/actitud-social-social-media-en-la-uma-el-proximo-21-de-marzo\/","title":{"rendered":"Actitud Social: Social Media en la UMA, el pr\u00f3ximo 21 de marzo"},"content":{"rendered":"<p>El <strong>21 de marzo de 2012<\/strong> se cumplen 6 a\u00f1os del primer tuit. <strong>M\u00e1laga<\/strong> lo celebra,entre otros actos, con <em><strong>\u2018Actitud Social: \u00bf<a href=\"https:\/\/blogs.diariosur.es\/soyfriki\/tag\/social-media\/\">Social Media<\/a> o Social a Medias?\u2019<\/strong><\/em>, una jornada de <a href=\"https:\/\/blogs.diariosur.es\/soyfriki\/tag\/social-media\/\"><strong>Marketing<\/strong> en <\/a><strong><a href=\"https:\/\/blogs.diariosur.es\/soyfriki\/tag\/social-media\/\">Redes Sociales<\/a><\/strong> en el marco de la <strong><a href=\"http:\/\/www.cccom.uma.es\/\" target=\"_blank\" rel=\"external nofollow\">Facultad de Ciencias de la Comunicaci\u00f3n<\/a><\/strong>. 400 personas convocadas para hablar de <strong><a href=\"https:\/\/blogs.diariosur.es\/soyfriki\/tag\/social-media\/\" target=\"_blank\">social media<\/a><\/strong> y hacer networking.<!--more--><\/p>\n<ul>\n<li><strong>LUGAR:<\/strong> Facultad de Ciencias de la Comunicaci\u00f3n, <strong>UMA<\/strong><\/li>\n<li><strong>FECHA:<\/strong> Mi\u00e9rcoles, 21 de marzo de 2012 (16:00 a 20:30)<\/li>\n<li><strong>INSCRIPCI\u00d3N gratis:<\/strong>\u00a0<a href=\"http:\/\/www.ticketea.com\/actitudsocial\" rel=\"external nofollow\">http:\/\/www.ticketea.com\/actitudsocial<\/a><\/li>\n<li><strong>DIRECCI\u00d3N:<\/strong> Avda. Le\u00f3n Tolstoi n\u00ba 4, Teatinos, M\u00e1laga. <a href=\"http:\/\/maps.google.es\/maps?hl=es&#038;rlz=1C1DVCC_enES357ES357&#038;q=Facultad+de+Ciencias+de+la+Comunicaci%C3%B3n+malaga+google+maps&#038;bav=on.2,or.r_gc.r_pw.r_qf.,cf.osb&#038;biw=1066&#038;bih=782&#038;um=1&#038;ie=UTF-8&#038;ei=ztxdT5ufOMbG0QWMxuTLDQ&#038;sa=X&#038;oi=mode_link&#038;ct=mode&#038;cd=3&#038;ved=0CBwQ_AUoAg\" target=\"_blank\" rel=\"external nofollow\">Ver mapa<\/a><\/li>\n<\/ul>\n<p>Las estrategias b\u00e1sicas de marketing en <strong><a href=\"https:\/\/blogs.diariosur.es\/soyfriki\/tag\/facebook\/\" target=\"_blank\">Facebook<\/a><\/strong>, <strong><a href=\"https:\/\/blogs.diariosur.es\/soyfriki\/tag\/foursquare\/\">Foursquare<\/a><\/strong>, preguntas frecuentes sobre <strong><a href=\"https:\/\/blogs.diariosur.es\/soyfriki\/tag\/twitter\/\">Twitter.\u00a0<\/a><\/strong>Los ponentes ser\u00e1n <strong><a href=\"http:\/\/twitter.com\/@FrancisPaniagua\" rel=\"external nofollow\">@FrancisPaniagua<\/a><\/strong>, <strong><a href=\"http:\/\/twitter.com\/@JulioFraile\" rel=\"external nofollow\">@JulioFraile<\/a><\/strong>, <strong><a href=\"http:\/\/twitter.com\/@PedroGNavarro\" target=\"_blank\" rel=\"external nofollow\">@PedroGNavarro<\/a><\/strong>, <strong><a href=\"http:\/\/twitter.com\/@LeticiaPolese\" target=\"_blank\" rel=\"external nofollow\">@LeticiaPolese<\/a><\/strong> y el propio <strong><a href=\"http:\/\/twitter.com\/@Andy21\" target=\"_blank\" rel=\"external nofollow\">@Andy21<\/a><\/strong>, organizador de la cita. Por cierto, desde la p\u00e1gina web de la organizaci\u00f3n se insta que para celebrar el cumplea\u00f1os de <strong><a href=\"https:\/\/blogs.diariosur.es\/soyfriki\/tag\/twitter\/\">Twitter <\/a><\/strong>se haga un <strong>\u2018dress code\u2019<\/strong> consistente en vestir alguna prenda de color azul <strong><a href=\"https:\/\/blogs.diariosur.es\/soyfriki\/tag\/twitter\/\">Twitter<\/a><\/strong>.<\/p>\n","protected":false},"excerpt":{"rendered":"<p>El 21 de marzo de 2012 se cumplen 6 a\u00f1os del primer tuit. M\u00e1laga lo celebra,entre otros actos, con \u2018Actitud Social: \u00bfSocial Media o Social a Medias?\u2019, una jornada de Marketing en Redes Sociales en el marco de la Facultad de Ciencias de la Comunicaci\u00f3n. 400 personas convocadas para hablar de social media y hacer [&hellip;]<\/p>\n","protected":false},"author":7,"featured_media":0,"comment_status":"open","ping_status":"closed","sticky":false,"template":"","format":"standard","meta":[],"categories":[5,14,10,11],"tags":[159,165,187,281,603,483,488],"_links":{"self":[{"href":"https:\/\/blogs.diariosur.es\/soyfriki\/wp-json\/wp\/v2\/posts\/623"}],"collection":[{"href":"https:\/\/blogs.diariosur.es\/soyfriki\/wp-json\/wp\/v2\/posts"}],"about":[{"href":"https:\/\/blogs.diariosur.es\/soyfriki\/wp-json\/wp\/v2\/types\/post"}],"author":[{"embeddable":true,"href":"https:\/\/blogs.diariosur.es\/soyfriki\/wp-json\/wp\/v2\/users\/7"}],"replies":[{"embeddable":true,"href":"https:\/\/blogs.diariosur.es\/soyfriki\/wp-json\/wp\/v2\/comments?post=623"}],"version-history":[{"count":0,"href":"https:\/\/blogs.diariosur.es\/soyfriki\/wp-json\/wp\/v2\/posts\/623\/revisions"}],"wp:attachment":[{"href":"https:\/\/blogs.diariosur.es\/soyfriki\/wp-json\/wp\/v2\/media?parent=623"}],"wp:term":[{"taxonomy":"category","embeddable":true,"href":"https:\/\/blogs.diariosur.es\/soyfriki\/wp-json\/wp\/v2\/categories?post=623"},{"taxonomy":"post_tag","embeddable":true,"href":"https:\/\/blogs.diariosur.es\/soyfriki\/wp-json\/wp\/v2\/tags?post=623"}],"curies":[{"name":"wp","href":"https:\/\/api.w.org\/{rel}","templated":true}]}}