{"id":625,"date":"2012-03-12T17:24:30","date_gmt":"2012-03-12T16:24:30","guid":{"rendered":"http:\/\/blogs.diariosur.es\/soyfriki\/?p=625"},"modified":"2012-03-12T17:24:30","modified_gmt":"2012-03-12T16:24:30","slug":"instagram-app-android","status":"publish","type":"post","link":"https:\/\/blogs.diariosur.es\/soyfriki\/2012\/03\/12\/instagram-app-android\/","title":{"rendered":"Instagram, m\u00e1s cerca de ser app de Android"},"content":{"rendered":"<p>\u00bfT\u00fa c\u00f3mo llamas a <strong><a href=\"http:\/\/instagr.am\/\" target=\"_blank\" rel=\"external nofollow\">Instagram<\/a><\/strong>? \u00bf<strong><a href=\"https:\/\/blogs.diariosur.es\/soyfriki\/tag\/app\/\" target=\"_blank\">Aplicaci\u00f3n<\/a><\/strong>? \u00bf<strong><a href=\"https:\/\/blogs.diariosur.es\/soyfriki\/?s=redes+sociales\" target=\"_blank\">Red social<\/a><\/strong>? Sea lo que sea, <strong>Instragram<\/strong> ha dejado de ser exclusiva de <a href=\"https:\/\/blogs.diariosur.es\/soyfriki\/tag\/iphone\/\" target=\"_blank\"><strong>iPhone<\/strong> <\/a>est\u00e1 cada vez m\u00e1s cerca de se una app\u00a0de Android.\u00a0El CEO de la compa\u00f1\u00eda, <strong>Kevin Systrom<\/strong>, ha mostrado im\u00e1genes de la versi\u00f3n de Instagram para <a href=\"https:\/\/blogs.diariosur.es\/soyfriki\/tag\/android\/\" target=\"_blank\"><strong>Android<\/strong> <\/a>y ha asegurado que estar\u00e1 disponible muy pronto, seg\u00fan leo en <em><a href=\"http:\/\/www.diariosur.es\/agencias\/\" target=\"_blank\" rel=\"external nofollow\">Europa Press<\/a><\/em>.<!--more--><\/p>\n<p>El pasado mes de agosto, se confirmaba que el equipo de <strong>Instagram<\/strong> estaba trabajando para la aplicaci\u00f3n. El CEO asegura que cada d\u00eda recib\u00edan gran cantidad de mensajes de usuarios pidiendo que la <strong><a href=\"https:\/\/blogs.diariosur.es\/soyfriki\/tag\/app\/\" target=\"_blank\">app<\/a>\u00a0<\/strong>est\u00e9 disponible para los dispositivos con<strong> <a href=\"https:\/\/blogs.diariosur.es\/soyfriki\/tag\/android\/\" target=\"_blank\">SO Android<\/a><\/strong>.<\/p>\n<p><a href=\"http:\/\/www.diariosur.es\/agencias\/\" target=\"_blank\" rel=\"external nofollow\"><em>TechCrunch<\/em> <\/a>tiene en exclusiva las im\u00e1genes de la <strong><a href=\"https:\/\/blogs.diariosur.es\/soyfriki\/tag\/app\/\" target=\"_blank\">app<\/a>\u00a0<\/strong>de <strong>Instagram<\/strong> para <strong><a href=\"https:\/\/blogs.diariosur.es\/soyfriki\/tag\/android\/\" target=\"_blank\">Android<\/a>\u00a0<\/strong>y adem\u00e1s ha asegurado: &#8220;Es mejor que nuestra aplicaci\u00f3n<strong> iOS<\/strong>. Es una locura&#8221;.\u00a0Por otro lado y aunque <strong>Systrom<\/strong> sabe de la fidelidad de sus usuarios pero igual conoce que cerrar la <strong>aplicaci\u00f3n<\/strong> a nuevos usos y maneras de la <strong><a href=\"http:\/\/www.objetivomalaga.com\" target=\"_blank\" rel=\"external nofollow\">fotograf\u00eda<\/a><\/strong>, como el aclamado <strong><a href=\"http:\/\/pinterest.com\" target=\"_blank\" rel=\"external nofollow\">Pinterest<\/a><\/strong>, s\u00f3lo ir\u00e1 en su contra.<\/p>\n<p>De lo que s\u00ed que no se habla es del modelo de negocio de <strong>Instagram<\/strong>. La aplicaci\u00f3n no tiene actualmente ning\u00fan tipo de <strong>publicidad<\/strong> y no tiene ning\u00fan tipo de <strong>compras in-app<\/strong>. Otras aplicaciones, por el contrario, vende sus filtros por ejemplo.<\/p>\n<p>Por cierto, tengo pendiente por aqu\u00ed hablaros de una aplicaci\u00f3n alternativa que bien puede servir como <strong>Instagram<\/strong>, con muchos m\u00e1s filtros y objetivos.<\/p>\n","protected":false},"excerpt":{"rendered":"<p>\u00bfT\u00fa c\u00f3mo llamas a Instagram? \u00bfAplicaci\u00f3n? \u00bfRed social? Sea lo que sea, Instragram ha dejado de ser exclusiva de iPhone est\u00e1 cada vez m\u00e1s cerca de se una app\u00a0de Android.\u00a0El CEO de la compa\u00f1\u00eda, Kevin Systrom, ha mostrado im\u00e1genes de la versi\u00f3n de Instagram para Android y ha asegurado que estar\u00e1 disponible muy pronto, seg\u00fan [&hellip;]<\/p>\n","protected":false},"author":7,"featured_media":626,"comment_status":"open","ping_status":"closed","sticky":false,"template":"","format":"standard","meta":[],"categories":[2,8],"tags":[41,46,239,249,359],"_links":{"self":[{"href":"https:\/\/blogs.diariosur.es\/soyfriki\/wp-json\/wp\/v2\/posts\/625"}],"collection":[{"href":"https:\/\/blogs.diariosur.es\/soyfriki\/wp-json\/wp\/v2\/posts"}],"about":[{"href":"https:\/\/blogs.diariosur.es\/soyfriki\/wp-json\/wp\/v2\/types\/post"}],"author":[{"embeddable":true,"href":"https:\/\/blogs.diariosur.es\/soyfriki\/wp-json\/wp\/v2\/users\/7"}],"replies":[{"embeddable":true,"href":"https:\/\/blogs.diariosur.es\/soyfriki\/wp-json\/wp\/v2\/comments?post=625"}],"version-history":[{"count":0,"href":"https:\/\/blogs.diariosur.es\/soyfriki\/wp-json\/wp\/v2\/posts\/625\/revisions"}],"wp:featuredmedia":[{"embeddable":true,"href":"https:\/\/blogs.diariosur.es\/soyfriki\/wp-json\/wp\/v2\/media\/626"}],"wp:attachment":[{"href":"https:\/\/blogs.diariosur.es\/soyfriki\/wp-json\/wp\/v2\/media?parent=625"}],"wp:term":[{"taxonomy":"category","embeddable":true,"href":"https:\/\/blogs.diariosur.es\/soyfriki\/wp-json\/wp\/v2\/categories?post=625"},{"taxonomy":"post_tag","embeddable":true,"href":"https:\/\/blogs.diariosur.es\/soyfriki\/wp-json\/wp\/v2\/tags?post=625"}],"curies":[{"name":"wp","href":"https:\/\/api.w.org\/{rel}","templated":true}]}}