{"id":639,"date":"2012-03-26T12:30:09","date_gmt":"2012-03-26T11:30:09","guid":{"rendered":"http:\/\/blogs.diariosur.es\/soyfriki\/?p=639"},"modified":"2012-03-26T12:30:09","modified_gmt":"2012-03-26T11:30:09","slug":"el-miercoles-abre-the-cloud-3-0-un-nuevo-concepto-de-bar-en-malaga","status":"publish","type":"post","link":"https:\/\/blogs.diariosur.es\/soyfriki\/2012\/03\/26\/el-miercoles-abre-the-cloud-3-0-un-nuevo-concepto-de-bar-en-malaga\/","title":{"rendered":"El mi\u00e9rcoles abre The Cloud 3.0, un nuevo concepto de bar en M\u00e1laga"},"content":{"rendered":"<p>El pr\u00f3ximo <strong>mi\u00e9rcoles<\/strong> abre en M\u00e1laga un nuevo concepto de bar y de punto de encuentro. <strong><a href=\"http:\/\/www.thecloud30.com\/\" target=\"_blank\" rel=\"external nofollow\">The Cloud 3.0<\/a><\/strong>. Seguro que has visto alg\u00fan que otro cartel pegado por las calles, y te habr\u00e1s preguntado qu\u00e9 significaba. \u00bfNo? En calle <strong>Comedias, 20<\/strong>.\u00a0Como un\u00a0<strong>bar de copas<\/strong> normal, pero que tambi\u00e9n permite conectar a todo tipo de personas as\u00ed como a todo el tejido empresarial malague\u00f1o gracias a las aplicaciones de las <strong>nuevas tecnolog\u00edas<\/strong> y especialmente las herramientas de <strong>Internet<\/strong>. Lo llaman el bar 3.0.<!--more--><br \/>\n<a href=\"\/soyfriki\/wp-content\/uploads\/sites\/14\/2012\/03\/420176_245925855501880_205884792839320_495455_1940282905_n1.jpg\"><img loading=\"lazy\" class=\"alignleft size-full wp-image-640\" title=\"The Cloud Bar 3.0 Malaga\" src=\"\/soyfriki\/wp-content\/uploads\/sites\/14\/2012\/03\/420176_245925855501880_205884792839320_495455_1940282905_n1.jpg\" alt=\"\" width=\"403\" height=\"286\" srcset=\"https:\/\/static-blogs.diariosur.es\/wp-content\/uploads\/sites\/14\/2012\/03\/420176_245925855501880_205884792839320_495455_1940282905_n1.jpg 960w, https:\/\/static-blogs.diariosur.es\/wp-content\/uploads\/sites\/14\/2012\/03\/420176_245925855501880_205884792839320_495455_1940282905_n1-300x213.jpg 300w, https:\/\/static-blogs.diariosur.es\/wp-content\/uploads\/sites\/14\/2012\/03\/420176_245925855501880_205884792839320_495455_1940282905_n1-768x544.jpg 768w\" sizes=\"(max-width: 403px) 100vw, 403px\" \/><\/a>Una decoraci\u00f3n m\u00e1s que original, enfocada al concepto &#8216;<strong>online night<\/strong>&#8216;. diferenciada en cuatro zonas: \u00a0<strong>Facebook<\/strong>, <strong>Twitter<\/strong>, <strong>Tuenti<\/strong> y <strong>Badoo<\/strong>. Es un nuevo concepto basado en redes sociales porque tendr\u00e1s la oportunidad de saber quien est\u00e1 en el bar en ese momento e incluso de participar en la elecci\u00f3n de la m\u00fasica ya sea en el local o desde casa o desde la calle.<\/p>\n<p>Inauguran el pr\u00f3ximo, desde las 21.30 horas s\u00f3lo para <strong>empresas<\/strong>, <strong>pymes<\/strong> y <strong>emprendedores<\/strong>, con un\u00a0buffet y la colaboraci\u00f3n de <strong><a href=\"http:\/\/www.malagavalley.com\/\" target=\"_blank\" rel=\"external nofollow\">Club M\u00e1laga Valley<\/a><\/strong>. \u00a0Por delante, quedan celebraciones fijas como el <strong><a href=\"http:\/\/www.thecloud30.com\/eventos\/\" target=\"_blank\" rel=\"external nofollow\">Martes Emprendedor<\/a>, el <a href=\"http:\/\/www.thecloud30.com\/eventos\/\" target=\"_blank\" rel=\"external nofollow\">Jueves de Afterwork<\/a> y el <a href=\"http:\/\/www.thecloud30.com\/eventos\/\" target=\"_blank\" rel=\"external nofollow\">Viernes de Networking<\/a><\/strong>.<\/p>\n<p>Entre los mayores atractivos, es que empresas y particulares pueden\u00a0asociarse con <strong><a href=\"http:\/\/www.thecloud30.com\/\" target=\"_blank\" rel=\"external nofollow\">The Cloud 3.0<\/a><\/strong>, para obtener desde un simple\u00a0descuento en <strong>consumiciones\u00a0<\/strong>los 365 d\u00edas del a\u00f1o hasta la posibilidad de conseguir el\u00a0local totalmente gratuito incluyendo <strong>buffet<\/strong> y copa para <strong>presentar proyectos<\/strong>.<\/p>\n<p>&nbsp;<\/p>\n","protected":false},"excerpt":{"rendered":"<p>El pr\u00f3ximo mi\u00e9rcoles abre en M\u00e1laga un nuevo concepto de bar y de punto de encuentro. The Cloud 3.0. Seguro que has visto alg\u00fan que otro cartel pegado por las calles, y te habr\u00e1s preguntado qu\u00e9 significaba. \u00bfNo? En calle Comedias, 20.\u00a0Como un\u00a0bar de copas normal, pero que tambi\u00e9n permite conectar a todo tipo de [&hellip;]<\/p>\n","protected":false},"author":7,"featured_media":0,"comment_status":"open","ping_status":"closed","sticky":false,"template":"","format":"standard","meta":[],"categories":[5,7],"tags":[55,162,165,281,471,483],"_links":{"self":[{"href":"https:\/\/blogs.diariosur.es\/soyfriki\/wp-json\/wp\/v2\/posts\/639"}],"collection":[{"href":"https:\/\/blogs.diariosur.es\/soyfriki\/wp-json\/wp\/v2\/posts"}],"about":[{"href":"https:\/\/blogs.diariosur.es\/soyfriki\/wp-json\/wp\/v2\/types\/post"}],"author":[{"embeddable":true,"href":"https:\/\/blogs.diariosur.es\/soyfriki\/wp-json\/wp\/v2\/users\/7"}],"replies":[{"embeddable":true,"href":"https:\/\/blogs.diariosur.es\/soyfriki\/wp-json\/wp\/v2\/comments?post=639"}],"version-history":[{"count":0,"href":"https:\/\/blogs.diariosur.es\/soyfriki\/wp-json\/wp\/v2\/posts\/639\/revisions"}],"wp:attachment":[{"href":"https:\/\/blogs.diariosur.es\/soyfriki\/wp-json\/wp\/v2\/media?parent=639"}],"wp:term":[{"taxonomy":"category","embeddable":true,"href":"https:\/\/blogs.diariosur.es\/soyfriki\/wp-json\/wp\/v2\/categories?post=639"},{"taxonomy":"post_tag","embeddable":true,"href":"https:\/\/blogs.diariosur.es\/soyfriki\/wp-json\/wp\/v2\/tags?post=639"}],"curies":[{"name":"wp","href":"https:\/\/api.w.org\/{rel}","templated":true}]}}