{"id":643,"date":"2012-03-26T18:54:04","date_gmt":"2012-03-26T17:54:04","guid":{"rendered":"http:\/\/blogs.diariosur.es\/soyfriki\/?p=643"},"modified":"2012-03-26T18:54:04","modified_gmt":"2012-03-26T17:54:04","slug":"congreso-nacional-de-pymes-en-malaga-las-estrategias-de-marketing","status":"publish","type":"post","link":"https:\/\/blogs.diariosur.es\/soyfriki\/2012\/03\/26\/congreso-nacional-de-pymes-en-malaga-las-estrategias-de-marketing\/","title":{"rendered":"Congreso Nacional de Pymes en M\u00e1laga; las estrategias de marketing"},"content":{"rendered":"<p>Ma\u00f1ana llega el <strong>Congreso Nacional de Pymes<\/strong> al <strong>hotel Barcel\u00f3 M\u00e1laga<\/strong>. Una iniciativa de<strong> InterbanNetwork<\/strong> que este a\u00f1o pone sobre la mesa la Transformaci\u00f3n de la <strong>Estrategia<\/strong> de <strong>Marketing<\/strong> y <strong>Ventas<\/strong> para la <strong>Competitividad<\/strong> en las <strong>Pymes<\/strong>. Y dir\u00e1s: \u00bfy qu\u00e9 pinta esto en este blog? Pues mucho: habr\u00e1 marketing online, SEO, SEM digitalizaci\u00f3n y mucho de eso que tanto me gusta hablar aqu\u00ed.<!--more--><\/p>\n<p style=\"text-align: center;\"><a href=\"\/soyfriki\/wp-content\/uploads\/sites\/14\/2012\/03\/imagen-centro1.jpg\"><img loading=\"lazy\" class=\"size-full wp-image-644 aligncenter\" title=\"Congreso Pymes Malaga\" src=\"\/soyfriki\/wp-content\/uploads\/sites\/14\/2012\/03\/imagen-centro1.jpg\" alt=\"\" width=\"660\" height=\"180\" \/><\/a><\/p>\n<p>Te dejo el programa y ver\u00e1s c\u00f3mo te interesa:<\/p>\n<p><strong>Marketing online <\/strong>9.15-10.00 <strong><\/strong><\/p>\n<p>\u00bfQu\u00e9 estrategias de Marketing Online debo usar y para qu\u00e9?<\/p>\n<ul>\n<li>\u00bfDeben las Pymes estar en las redes sociales y tener una estrategia de marketing online?<\/li>\n<li>Posicionamiento en buscadores: SEO versus SEM<\/li>\n<\/ul>\n<p><em>D. Jes\u00fas Mar\u00eda P\u00e9rez Ca\u00f1o. Director Creativo y de Estrategia. Socialon \u00a0<\/em><\/p>\n<p><strong>Competitividad <\/strong>10.00-10.30 <strong><\/strong><\/p>\n<p>C\u00f3mo a\u00f1adir m\u00e1s valor a tus clientes y lograr una posici\u00f3n competitiva<\/p>\n<p><em>D. Jos\u00e9 Mar\u00eda Palomares Fern\u00e1ndez. Gerente de Comunicaci\u00f3n y Marketing Relacional. Movistar<\/em><\/p>\n<p><strong>Ventas <\/strong>10.30-11.15<\/p>\n<p>Factores clave en el<strong> <\/strong>proceso de elaboraci\u00f3n de una<strong> <\/strong>estrategia de ventas<strong><\/strong><\/p>\n<p><em>D. \u00c1lvaro Castro Espejo. Gerente. Compa\u00f1\u00eda de Marketing<\/em><\/p>\n<p><strong>Soluciones <\/strong>11.45-12.15<\/p>\n<p>Soluciones Integrales<strong> <\/strong>para tu Pyme<strong><\/strong><\/p>\n<p><em>D\u00f1a. Rosalina Mar\u00ed Arag\u00f3n. Jefa de Producto de Microsoft Dynamics CRM. Microsoft<\/em><\/p>\n<p><strong>Comunicaci\u00f3n <\/strong>12.15-12.45<\/p>\n<p>La Digitalizaci\u00f3n de las<strong> <\/strong>Pymes<strong><\/strong><\/p>\n<p><em>D. Jos\u00e9 Huertas Jim\u00e9nez. Responsable Territorial. Yell Publicidad<\/em><\/p>\n<p><strong>Personas\u00a0<\/strong>12.45-13.30<\/p>\n<p>Dinamizaci\u00f3n de equipos comerciales en tiempos de desaceleraci\u00f3n<\/p>\n<ul>\n<li>El ABC de la motivaci\u00f3n: factores motivadores y principales factores desmotivadores para vendedores<\/li>\n<li>Necesidades de los equipos comerciales<\/li>\n<li>Objetivos, medici\u00f3n y seguimiento<\/li>\n<\/ul>\n<p><em>D. Miguel \u00c1ngel Calder\u00f3n.\u00a0 Director. Tatum Andaluc\u00eda<\/em><\/p>\n<p><strong>Marca <\/strong>15.30-16.15<\/p>\n<p>La creaci\u00f3n de una<strong> <\/strong>marca: una necesidad para la pyme<\/p>\n<p>&nbsp;<\/p>\n<ul>\n<li>F\u00f3rmulas al alcance de una peque\u00f1a y mediana empresa<\/li>\n<li>Por qu\u00e9 las marcas atraen a los clientes<\/li>\n<li>La adaptaci\u00f3n constante de la marca para retener clientes<\/li>\n<li>C\u00f3mo crear una marca que fidelice<\/li>\n<\/ul>\n<p><em>D. Juan Jes\u00fas Molina. Director Creativo. Plan D soluciones creativas<\/em><\/p>\n<p><strong>Fidelizaci\u00f3n <\/strong>16.15-17.00<\/p>\n<p>Crecimiento y fidelizaci\u00f3n<strong> <\/strong>en tiempos de crisis<strong><\/strong><\/p>\n<ul>\n<li>C\u00f3mo pueden convivir estrategias de fidelizaci\u00f3n y de captaci\u00f3n de nuevos clientes<\/li>\n<li>C\u00f3mo adelantarnos a la fuga de nuestros clientes<\/li>\n<\/ul>\n<p><em>D. Salvador C\u00f3rdoba Alcaide. Director General. Grupo DSD Consulting<\/em><\/p>\n<p>Pero, sobre todo, interesa la zona de networking, un amplio espacio destinado al encuentro entre asistentes, ponentes y empresas patrocinadoras, que permitir\u00e1 intercambiar opiniones e ideas.<\/p>\n<p>Si quer\u00e9is detalles o se os ocurre asistir a \u00faltima hora, aqu\u00ed ten\u00e9is los datos de contacto de la organizaci\u00f3n:<\/p>\n<ul>\n<li>Secretar\u00eda T\u00e9cnica, Tel\u00e9fono: 91 763 87 11<\/li>\n<li>Web: <a href=\"www.congresopymesmktyventas.com\" target=\"_blank\">www.congresopymesmktyventas.com<\/a><\/li>\n<\/ul>\n","protected":false},"excerpt":{"rendered":"<p>Ma\u00f1ana llega el Congreso Nacional de Pymes al hotel Barcel\u00f3 M\u00e1laga. Una iniciativa de InterbanNetwork que este a\u00f1o pone sobre la mesa la Transformaci\u00f3n de la Estrategia de Marketing y Ventas para la Competitividad en las Pymes. Y dir\u00e1s: \u00bfy qu\u00e9 pinta esto en este blog? Pues mucho: habr\u00e1 marketing online, SEO, SEM digitalizaci\u00f3n y [&hellip;]<\/p>\n","protected":false},"author":7,"featured_media":0,"comment_status":"open","ping_status":"closed","sticky":false,"template":"","format":"standard","meta":[],"categories":[5,7,8],"tags":[244,292,404,406],"_links":{"self":[{"href":"https:\/\/blogs.diariosur.es\/soyfriki\/wp-json\/wp\/v2\/posts\/643"}],"collection":[{"href":"https:\/\/blogs.diariosur.es\/soyfriki\/wp-json\/wp\/v2\/posts"}],"about":[{"href":"https:\/\/blogs.diariosur.es\/soyfriki\/wp-json\/wp\/v2\/types\/post"}],"author":[{"embeddable":true,"href":"https:\/\/blogs.diariosur.es\/soyfriki\/wp-json\/wp\/v2\/users\/7"}],"replies":[{"embeddable":true,"href":"https:\/\/blogs.diariosur.es\/soyfriki\/wp-json\/wp\/v2\/comments?post=643"}],"version-history":[{"count":0,"href":"https:\/\/blogs.diariosur.es\/soyfriki\/wp-json\/wp\/v2\/posts\/643\/revisions"}],"wp:attachment":[{"href":"https:\/\/blogs.diariosur.es\/soyfriki\/wp-json\/wp\/v2\/media?parent=643"}],"wp:term":[{"taxonomy":"category","embeddable":true,"href":"https:\/\/blogs.diariosur.es\/soyfriki\/wp-json\/wp\/v2\/categories?post=643"},{"taxonomy":"post_tag","embeddable":true,"href":"https:\/\/blogs.diariosur.es\/soyfriki\/wp-json\/wp\/v2\/tags?post=643"}],"curies":[{"name":"wp","href":"https:\/\/api.w.org\/{rel}","templated":true}]}}